{"id":648,"date":"2025-07-15T20:40:45","date_gmt":"2025-07-15T23:40:45","guid":{"rendered":"http:\/\/cafecommessias.com.br\/?p=648"},"modified":"2025-07-15T20:41:08","modified_gmt":"2025-07-15T23:41:08","slug":"prefeitura-do-natal-lanca-editais-para-passar-gestao-das-upas-a-entidades-privadas","status":"publish","type":"post","link":"https:\/\/cafecommessias.com.br\/?p=648","title":{"rendered":"Prefeitura do Natal lan\u00e7a editais para passar gest\u00e3o das UPAs a entidades privadas"},"content":{"rendered":"\n<p>A Secretaria Municipal de Sa\u00fade de Natal (SMS) publicou editais de convoca\u00e7\u00e3o p\u00fablica para sele\u00e7\u00e3o de Organiza\u00e7\u00f5es Sociais de Sa\u00fade (OSS), entidades privadas sem fins lucrativos, que v\u00e3o passar a gerir as quatro UPAs da cidade: UPA Sat\u00e9lite, UPA Esperan\u00e7a, UPA Potengi e UPA Paju\u00e7ara. Os documentos constam em edi\u00e7\u00e3o extra do Di\u00e1rio Oficial do Munic\u00edpio (DOM), publicada nessa segunda-feira (14).<\/p>\n\n\n\n<figure class=\"wp-block-image size-large\"><img loading=\"lazy\" decoding=\"async\" width=\"1024\" height=\"187\" src=\"http:\/\/cafecommessias.com.br\/wp-content\/uploads\/2025\/07\/REDENCAO-3-1024x187.jpg\" alt=\"\" class=\"wp-image-649\" srcset=\"https:\/\/cafecommessias.com.br\/wp-content\/uploads\/2025\/07\/REDENCAO-3-1024x187.jpg 1024w, https:\/\/cafecommessias.com.br\/wp-content\/uploads\/2025\/07\/REDENCAO-3-300x55.jpg 300w, https:\/\/cafecommessias.com.br\/wp-content\/uploads\/2025\/07\/REDENCAO-3-768x140.jpg 768w, https:\/\/cafecommessias.com.br\/wp-content\/uploads\/2025\/07\/REDENCAO-3.jpg 1536w\" sizes=\"auto, (max-width: 1024px) 100vw, 1024px\" \/><\/figure>\n\n\n\n<p>O objeto de cada um dos editais prev\u00ea a formaliza\u00e7\u00e3o de parceria, por meio da celebra\u00e7\u00e3o de contrato de gest\u00e3o para gerenciamento, operacionaliza\u00e7\u00e3o e execu\u00e7\u00e3o das a\u00e7\u00f5es e servi\u00e7os de sa\u00fade em regime de 24h por dia nas UPAs. O prazo de vig\u00eancia \u00e9 de dois anos, podendo ser prorrogado por igual per\u00edodo at\u00e9 o limite de dez anos. Pelo cronograma, a divulga\u00e7\u00e3o do resultado final est\u00e1 prevista para 29 de agosto. O in\u00edcio da opera\u00e7\u00e3o pelas entidades \u00e9 estimado para o dia 15 de setembro deste ano.<\/p>\n\n\n\n<p>Para a realiza\u00e7\u00e3o das atividades, a Secretaria de Sa\u00fade far\u00e1 repasses mensais, que podem totalizar R$ 9,5 milh\u00f5es nas quatro unidades.<\/p>\n\n\n\n<p>O valor de repasse m\u00e1ximo por m\u00eas \u00e9 de R$ 2,2 milh\u00f5es para as UPAs Sat\u00e9lite, Potengi e Paju\u00e7ara. Na UPA Esperan\u00e7a, o montante m\u00e1ximo mensal destinado pela secretaria pode ser de at\u00e9 R$ 2,9 milh\u00f5es.<\/p>\n\n\n\n<p>Segundo o edital, os repasses ser\u00e3o efetivado mediante a libera\u00e7\u00e3o de 24 parcelas mensais conforme metas pactuadas no contrato de gest\u00e3o, sendo o valor composto de uma parte fixa correspondente a 80% do valor e duas partes vari\u00e1veis correspondentes a 10% (metas quantitativas) e 10%, com base na avalia\u00e7\u00e3o de indicadores de qualidade (metas qualitativas), ressalvadas as seis primeiras parcelas, no qual ser\u00e3o repassadas integralmente.<\/p>\n\n\n\n<p><sub>Por TN<\/sub><\/p>\n","protected":false},"excerpt":{"rendered":"<p>A Secretaria Municipal de Sa\u00fade de Natal (SMS) publicou editais de convoca\u00e7\u00e3o p\u00fablica para sele\u00e7\u00e3o de Organiza\u00e7\u00f5es Sociais de Sa\u00fade (OSS), entidades privadas sem fins lucrativos, que v\u00e3o passar a gerir as quatro UPAs da cidade: UPA Sat\u00e9lite, UPA Esperan\u00e7a, UPA Potengi e UPA Paju\u00e7ara. Os documentos constam em edi\u00e7\u00e3o extra do Di\u00e1rio Oficial do&#8230;<\/p>\n","protected":false},"author":1,"featured_media":650,"comment_status":"open","ping_status":"closed","sticky":false,"template":"","format":"standard","meta":{"footnotes":""},"categories":[3],"tags":[],"class_list":["post-648","post","type-post","status-publish","format-standard","has-post-thumbnail","hentry","category-geral"],"_links":{"self":[{"href":"https:\/\/cafecommessias.com.br\/index.php?rest_route=\/wp\/v2\/posts\/648","targetHints":{"allow":["GET"]}}],"collection":[{"href":"https:\/\/cafecommessias.com.br\/index.php?rest_route=\/wp\/v2\/posts"}],"about":[{"href":"https:\/\/cafecommessias.com.br\/index.php?rest_route=\/wp\/v2\/types\/post"}],"author":[{"embeddable":true,"href":"https:\/\/cafecommessias.com.br\/index.php?rest_route=\/wp\/v2\/users\/1"}],"replies":[{"embeddable":true,"href":"https:\/\/cafecommessias.com.br\/index.php?rest_route=%2Fwp%2Fv2%2Fcomments&post=648"}],"version-history":[{"count":1,"href":"https:\/\/cafecommessias.com.br\/index.php?rest_route=\/wp\/v2\/posts\/648\/revisions"}],"predecessor-version":[{"id":651,"href":"https:\/\/cafecommessias.com.br\/index.php?rest_route=\/wp\/v2\/posts\/648\/revisions\/651"}],"wp:featuredmedia":[{"embeddable":true,"href":"https:\/\/cafecommessias.com.br\/index.php?rest_route=\/wp\/v2\/media\/650"}],"wp:attachment":[{"href":"https:\/\/cafecommessias.com.br\/index.php?rest_route=%2Fwp%2Fv2%2Fmedia&parent=648"}],"wp:term":[{"taxonomy":"category","embeddable":true,"href":"https:\/\/cafecommessias.com.br\/index.php?rest_route=%2Fwp%2Fv2%2Fcategories&post=648"},{"taxonomy":"post_tag","embeddable":true,"href":"https:\/\/cafecommessias.com.br\/index.php?rest_route=%2Fwp%2Fv2%2Ftags&post=648"}],"curies":[{"name":"wp","href":"https:\/\/api.w.org\/{rel}","templated":true}]}}