{"id":6535,"date":"2025-12-16T07:14:27","date_gmt":"2025-12-16T10:14:27","guid":{"rendered":"https:\/\/cafecommessias.com.br\/?p=6535"},"modified":"2025-12-16T07:14:46","modified_gmt":"2025-12-16T10:14:46","slug":"ricardo-nunes-ve-lula-enfraquecido-e-aposta-em-vitoria-da-centro-direita-em-2026","status":"publish","type":"post","link":"https:\/\/cafecommessias.com.br\/?p=6535","title":{"rendered":"Ricardo Nunes v\u00ea Lula enfraquecido e aposta em vit\u00f3ria da centro-direita em 2026"},"content":{"rendered":"\n<p>O prefeito de S\u00e3o Paulo, Ricardo Nunes (MDB), avaliou que o presidente Luiz In\u00e1cio Lula da Silva chega fragilizado ao cen\u00e1rio eleitoral de 2026 e afirmou que a direita tem chances reais de derrot\u00e1-lo nas urnas. Para Nunes, o desgaste do governo federal abre espa\u00e7o para uma candidatura competitiva fora do campo petista.<\/p>\n\n\n\n<p>Em entrevista ao programa&nbsp;<em>Roda Viva<\/em>, da TV Cultura, nesta segunda-feira (15), o prefeito citou a rejei\u00e7\u00e3o ao presidente e criticou a condu\u00e7\u00e3o da economia, mencionando o aumento dos pedidos de recupera\u00e7\u00e3o judicial no agroneg\u00f3cio e o impacto da pol\u00edtica fiscal sobre a atual taxa de juros. Segundo ele, uma gest\u00e3o de centro-direita teria maior responsabilidade no controle dos gastos p\u00fablicos.<\/p>\n\n\n\n<p>Nunes tamb\u00e9m destacou o peso pol\u00edtico do ex-presidente Jair Bolsonaro (PL), afirmando que ele mant\u00e9m forte capacidade de articula\u00e7\u00e3o e influ\u00eancia eleitoral. O prefeito disse que esse apoio pode ser decisivo, especialmente para o senador Fl\u00e1vio Bolsonaro (PL-RJ), apontado pelo pai como nome da direita para a disputa presidencial, embora tenha evitado comentar sobre a rejei\u00e7\u00e3o ao ex-presidente.<\/p>\n\n\n\n<p>Apesar da possibilidade de a direita se fragmentar no primeiro turno, com nomes como Ronaldo Caiado, Romeu Zema e Ratinho Jr., Nunes afirmou acreditar em uma converg\u00eancia no segundo turno contra o PT. Ele refor\u00e7ou, por fim, que n\u00e3o pretende disputar as elei\u00e7\u00f5es de 2026 e seguir\u00e1 \u00e0 frente da Prefeitura de S\u00e3o Paulo at\u00e9 o fim do mandato, em 2028.<\/p>\n\n\n\n<p><em><sub>Por CNN<\/sub><\/em><\/p>\n\n\n\n<p><\/p>\n","protected":false},"excerpt":{"rendered":"<p>O prefeito de S\u00e3o Paulo, Ricardo Nunes (MDB), avaliou que o presidente Luiz In\u00e1cio Lula da Silva chega fragilizado ao cen\u00e1rio eleitoral de 2026 e afirmou que a direita tem chances reais de derrot\u00e1-lo nas urnas. Para Nunes, o desgaste do governo federal abre espa\u00e7o para uma candidatura competitiva fora do campo petista. Em entrevista&#8230;<\/p>\n","protected":false},"author":1,"featured_media":6536,"comment_status":"open","ping_status":"closed","sticky":false,"template":"","format":"standard","meta":{"footnotes":""},"categories":[6],"tags":[],"class_list":["post-6535","post","type-post","status-publish","format-standard","has-post-thumbnail","hentry","category-politica"],"_links":{"self":[{"href":"https:\/\/cafecommessias.com.br\/index.php?rest_route=\/wp\/v2\/posts\/6535","targetHints":{"allow":["GET"]}}],"collection":[{"href":"https:\/\/cafecommessias.com.br\/index.php?rest_route=\/wp\/v2\/posts"}],"about":[{"href":"https:\/\/cafecommessias.com.br\/index.php?rest_route=\/wp\/v2\/types\/post"}],"author":[{"embeddable":true,"href":"https:\/\/cafecommessias.com.br\/index.php?rest_route=\/wp\/v2\/users\/1"}],"replies":[{"embeddable":true,"href":"https:\/\/cafecommessias.com.br\/index.php?rest_route=%2Fwp%2Fv2%2Fcomments&post=6535"}],"version-history":[{"count":1,"href":"https:\/\/cafecommessias.com.br\/index.php?rest_route=\/wp\/v2\/posts\/6535\/revisions"}],"predecessor-version":[{"id":6537,"href":"https:\/\/cafecommessias.com.br\/index.php?rest_route=\/wp\/v2\/posts\/6535\/revisions\/6537"}],"wp:featuredmedia":[{"embeddable":true,"href":"https:\/\/cafecommessias.com.br\/index.php?rest_route=\/wp\/v2\/media\/6536"}],"wp:attachment":[{"href":"https:\/\/cafecommessias.com.br\/index.php?rest_route=%2Fwp%2Fv2%2Fmedia&parent=6535"}],"wp:term":[{"taxonomy":"category","embeddable":true,"href":"https:\/\/cafecommessias.com.br\/index.php?rest_route=%2Fwp%2Fv2%2Fcategories&post=6535"},{"taxonomy":"post_tag","embeddable":true,"href":"https:\/\/cafecommessias.com.br\/index.php?rest_route=%2Fwp%2Fv2%2Ftags&post=6535"}],"curies":[{"name":"wp","href":"https:\/\/api.w.org\/{rel}","templated":true}]}}