{"id":6543,"date":"2025-12-16T07:55:16","date_gmt":"2025-12-16T10:55:16","guid":{"rendered":"https:\/\/cafecommessias.com.br\/?p=6543"},"modified":"2025-12-16T08:43:41","modified_gmt":"2025-12-16T11:43:41","slug":"assembleia-aprova-por-unanimidade-projeto-que-fortalece-autonomia-financeira-dos-municipios-do-rn","status":"publish","type":"post","link":"https:\/\/cafecommessias.com.br\/?p=6543","title":{"rendered":"Assembleia aprova por unanimidade projeto que fortalece autonomia financeira dos munic\u00edpios do RN"},"content":{"rendered":"\n<p>A Assembleia Legislativa do Rio Grande do Norte aprovou, nesta quarta-feira (10), por unanimidade o Projeto de Lei 632\/2025, que estabelece novos crit\u00e9rios e prazos para o cr\u00e9dito autom\u00e1tico das parcelas do ICMS, IPVA e Fundeb diretamente \u00e0s prefeituras potiguares.<\/p>\n\n\n\n<p>A proposta \u2014 de autoria do deputado Gustavo Carvalho (PL) e gentilmente cedida por ele \u00e0 Mesa Diretora como demonstra\u00e7\u00e3o de esp\u00edrito coletivo \u2014 consolida uma das mais relevantes conquistas recentes para a pauta municipalista no estado, sem gerar qualquer \u00f4nus adicional aos cofres estaduais.<\/p>\n\n\n\n<p>Pelo texto aprovado, os repasses do IPVA passam a ser feitos diariamente, de forma autom\u00e1tica, pelo agente centralizador de arrecada\u00e7\u00e3o. J\u00e1 a parcela municipal do ICMS dever\u00e1 ser transferida at\u00e9 o segundo dia \u00fatil de cada semana, garantindo previsibilidade e regularidade ao fluxo financeiro dos munic\u00edpios.<\/p>\n\n\n\n<p>A lei tamb\u00e9m detalha os crit\u00e9rios para a transfer\u00eancia da cota-parte do Fundeb, alinhada \u00e0s normas federais e constitucionais que regem o financiamento da educa\u00e7\u00e3o b\u00e1sica.<\/p>\n\n\n\n<p>Durante a sess\u00e3o, deputado Gustavo Carvalho destacou que a proposta nasceu da necessidade de corrigir um hist\u00f3rico de atrasos e inconsist\u00eancias nos repasses devidos aos munic\u00edpios. O parlamentar afirmou que o projeto \u201c\u00e9 uma entrega ao municipalismo potiguar\u201d, e ressaltou que sua cess\u00e3o \u00e0 Mesa Diretora demonstra respeito \u00e0 constru\u00e7\u00e3o coletiva do Legislativo. \u201cN\u00e3o \u00e9 uma vit\u00f3ria individual; \u00e9 uma conquista institucional da Assembleia e dos 167 munic\u00edpios do Rio Grande do Norte\u201d, declarou.<\/p>\n\n\n\n<p>A nova lei tamb\u00e9m refor\u00e7a o compromisso com a transpar\u00eancia: o Poder Executivo dever\u00e1 publicar mensalmente a arrecada\u00e7\u00e3o dos impostos mencionados e os valores efetivamente destinados a cada munic\u00edpio. A aus\u00eancia ou incorre\u00e7\u00e3o dessas informa\u00e7\u00f5es implicar\u00e1 presun\u00e7\u00e3o de n\u00e3o repasse, conforme previsto na Lei Complementar n\u00ba 63\/1990.<\/p>\n\n\n\n<p>Com a aprova\u00e7\u00e3o un\u00e2nime, o Rio Grande do Norte adota um modelo mais moderno e seguro de transfer\u00eancia de receitas, semelhante ao utilizado em outros estados brasileiros, como Minas Gerais. A expectativa \u00e9 que os munic\u00edpios passem a contar com maior estabilidade para planejar seus or\u00e7amentos e executar pol\u00edticas p\u00fablicas essenciais, especialmente nas \u00e1reas de sa\u00fade, educa\u00e7\u00e3o e infraestrutura.<\/p>\n\n\n\n<p>Ao final da vota\u00e7\u00e3o, parlamentares destacaram o gesto pol\u00edtico de Gustavo Carvalho ao ceder o projeto e reconheceram o m\u00e9rito da iniciativa para fortalecer o pacto federativo. Para muitos, trata-se de um avan\u00e7o hist\u00f3rico na rela\u00e7\u00e3o entre Estado e munic\u00edpios, consolidando uma legisla\u00e7\u00e3o que d\u00e1 mais autonomia, seguran\u00e7a jur\u00eddica e capacidade de investimento \u00e0s prefeituras potiguares.<\/p>\n\n\n\n<p class=\"has-text-align-center\"><strong><em>PUBLICIDADE<\/em><\/strong><\/p>\n\n\n\n<figure class=\"wp-block-image size-full\"><img loading=\"lazy\" decoding=\"async\" width=\"750\" height=\"200\" src=\"https:\/\/cafecommessias.com.br\/wp-content\/uploads\/2025\/12\/sicred.gif\" alt=\"\" class=\"wp-image-5759\"\/><\/figure>\n","protected":false},"excerpt":{"rendered":"<p>A Assembleia Legislativa do Rio Grande do Norte aprovou, nesta quarta-feira (10), por unanimidade o Projeto de Lei 632\/2025, que estabelece novos crit\u00e9rios e prazos para o cr\u00e9dito autom\u00e1tico das parcelas do ICMS, IPVA e Fundeb diretamente \u00e0s prefeituras potiguares. A proposta \u2014 de autoria do deputado Gustavo Carvalho (PL) e gentilmente cedida por ele&#8230;<\/p>\n","protected":false},"author":1,"featured_media":6544,"comment_status":"open","ping_status":"closed","sticky":false,"template":"","format":"standard","meta":{"footnotes":""},"categories":[3],"tags":[],"class_list":["post-6543","post","type-post","status-publish","format-standard","has-post-thumbnail","hentry","category-geral"],"_links":{"self":[{"href":"https:\/\/cafecommessias.com.br\/index.php?rest_route=\/wp\/v2\/posts\/6543","targetHints":{"allow":["GET"]}}],"collection":[{"href":"https:\/\/cafecommessias.com.br\/index.php?rest_route=\/wp\/v2\/posts"}],"about":[{"href":"https:\/\/cafecommessias.com.br\/index.php?rest_route=\/wp\/v2\/types\/post"}],"author":[{"embeddable":true,"href":"https:\/\/cafecommessias.com.br\/index.php?rest_route=\/wp\/v2\/users\/1"}],"replies":[{"embeddable":true,"href":"https:\/\/cafecommessias.com.br\/index.php?rest_route=%2Fwp%2Fv2%2Fcomments&post=6543"}],"version-history":[{"count":2,"href":"https:\/\/cafecommessias.com.br\/index.php?rest_route=\/wp\/v2\/posts\/6543\/revisions"}],"predecessor-version":[{"id":6572,"href":"https:\/\/cafecommessias.com.br\/index.php?rest_route=\/wp\/v2\/posts\/6543\/revisions\/6572"}],"wp:featuredmedia":[{"embeddable":true,"href":"https:\/\/cafecommessias.com.br\/index.php?rest_route=\/wp\/v2\/media\/6544"}],"wp:attachment":[{"href":"https:\/\/cafecommessias.com.br\/index.php?rest_route=%2Fwp%2Fv2%2Fmedia&parent=6543"}],"wp:term":[{"taxonomy":"category","embeddable":true,"href":"https:\/\/cafecommessias.com.br\/index.php?rest_route=%2Fwp%2Fv2%2Fcategories&post=6543"},{"taxonomy":"post_tag","embeddable":true,"href":"https:\/\/cafecommessias.com.br\/index.php?rest_route=%2Fwp%2Fv2%2Ftags&post=6543"}],"curies":[{"name":"wp","href":"https:\/\/api.w.org\/{rel}","templated":true}]}}