{"id":6550,"date":"2025-12-16T08:10:04","date_gmt":"2025-12-16T11:10:04","guid":{"rendered":"https:\/\/cafecommessias.com.br\/?p=6550"},"modified":"2025-12-16T08:10:20","modified_gmt":"2025-12-16T11:10:20","slug":"lula-diz-que-cobrou-a-trump-fim-de-sancoes-dos-eua-contra-ministros-do-stf","status":"publish","type":"post","link":"https:\/\/cafecommessias.com.br\/?p=6550","title":{"rendered":"Lula diz que cobrou a Trump fim de san\u00e7\u00f5es dos EUA contra ministros do STF"},"content":{"rendered":"\n<p>O presidente Luiz In\u00e1cio Lula da Silva (PT) afirmou que pediu diretamente ao presidente dos Estados Unidos, Donald Trump, a retirada das san\u00e7\u00f5es impostas pelo governo norte-americano a ministros do Supremo Tribunal Federal (STF). A declara\u00e7\u00e3o foi feita em entrevista ao&nbsp;<em>SBT News<\/em>, exibida nesta segunda-feira (15).<\/p>\n\n\n\n<p>Segundo Lula, ele enviou mensagem a Trump cobrando o fim das puni\u00e7\u00f5es aplicadas com base na Lei Global Magnitsky. \u201cDisse que ele precisa liberar todos os meus ministros, que est\u00e3o sendo punidos por cumprir a Constitui\u00e7\u00e3o. Fiquei feliz quando tiraram a san\u00e7\u00e3o do Alexandre, e vou continuar insistindo para que retirem a dos outros\u201d, afirmou o presidente.<\/p>\n\n\n\n<p>A entrevista foi gravada na sexta-feira (12), poucas horas ap\u00f3s os Estados Unidos anunciarem a retirada das san\u00e7\u00f5es contra o ministro Alexandre de Moraes, sua esposa, Viviane Barci de Moraes, e a empresa da fam\u00edlia. As puni\u00e7\u00f5es haviam sido impostas em julho e ampliadas em setembro, em rea\u00e7\u00e3o \u00e0 atua\u00e7\u00e3o do magistrado no processo que investigou a tentativa de golpe de Estado.<\/p>\n\n\n\n<p>Al\u00e9m de Moraes, outros ministros do STF tiveram vistos revogados pelo governo norte-americano, assim como autoridades da Pol\u00edcia Federal, da Procuradoria-Geral da Rep\u00fablica e integrantes do Judici\u00e1rio. Ao todo, oito ministros do Supremo foram atingidos pelas san\u00e7\u00f5es, enquanto Luiz Fux, Andr\u00e9 Mendon\u00e7a e Nunes Marques ficaram fora da lista.<\/p>\n\n\n\n<p><em><sub>Por Metr\u00f3poles<\/sub><\/em><\/p>\n\n\n\n<p><\/p>\n","protected":false},"excerpt":{"rendered":"<p>O presidente Luiz In\u00e1cio Lula da Silva (PT) afirmou que pediu diretamente ao presidente dos Estados Unidos, Donald Trump, a retirada das san\u00e7\u00f5es impostas pelo governo norte-americano a ministros do Supremo Tribunal Federal (STF). A declara\u00e7\u00e3o foi feita em entrevista ao&nbsp;SBT News, exibida nesta segunda-feira (15). Segundo Lula, ele enviou mensagem a Trump cobrando o&#8230;<\/p>\n","protected":false},"author":1,"featured_media":6551,"comment_status":"open","ping_status":"closed","sticky":false,"template":"","format":"standard","meta":{"footnotes":""},"categories":[37],"tags":[],"class_list":["post-6550","post","type-post","status-publish","format-standard","has-post-thumbnail","hentry","category-brasil"],"_links":{"self":[{"href":"https:\/\/cafecommessias.com.br\/index.php?rest_route=\/wp\/v2\/posts\/6550","targetHints":{"allow":["GET"]}}],"collection":[{"href":"https:\/\/cafecommessias.com.br\/index.php?rest_route=\/wp\/v2\/posts"}],"about":[{"href":"https:\/\/cafecommessias.com.br\/index.php?rest_route=\/wp\/v2\/types\/post"}],"author":[{"embeddable":true,"href":"https:\/\/cafecommessias.com.br\/index.php?rest_route=\/wp\/v2\/users\/1"}],"replies":[{"embeddable":true,"href":"https:\/\/cafecommessias.com.br\/index.php?rest_route=%2Fwp%2Fv2%2Fcomments&post=6550"}],"version-history":[{"count":1,"href":"https:\/\/cafecommessias.com.br\/index.php?rest_route=\/wp\/v2\/posts\/6550\/revisions"}],"predecessor-version":[{"id":6552,"href":"https:\/\/cafecommessias.com.br\/index.php?rest_route=\/wp\/v2\/posts\/6550\/revisions\/6552"}],"wp:featuredmedia":[{"embeddable":true,"href":"https:\/\/cafecommessias.com.br\/index.php?rest_route=\/wp\/v2\/media\/6551"}],"wp:attachment":[{"href":"https:\/\/cafecommessias.com.br\/index.php?rest_route=%2Fwp%2Fv2%2Fmedia&parent=6550"}],"wp:term":[{"taxonomy":"category","embeddable":true,"href":"https:\/\/cafecommessias.com.br\/index.php?rest_route=%2Fwp%2Fv2%2Fcategories&post=6550"},{"taxonomy":"post_tag","embeddable":true,"href":"https:\/\/cafecommessias.com.br\/index.php?rest_route=%2Fwp%2Fv2%2Ftags&post=6550"}],"curies":[{"name":"wp","href":"https:\/\/api.w.org\/{rel}","templated":true}]}}