{"id":656,"date":"2025-07-15T20:47:55","date_gmt":"2025-07-15T23:47:55","guid":{"rendered":"http:\/\/cafecommessias.com.br\/?p=656"},"modified":"2025-07-16T09:10:10","modified_gmt":"2025-07-16T12:10:10","slug":"aprovacao-e-desaprovacao-de-lula-empatam-apos-tarifaco-de-trump-mostra-pesquisa","status":"publish","type":"post","link":"https:\/\/cafecommessias.com.br\/?p=656","title":{"rendered":"Aprova\u00e7\u00e3o e desaprova\u00e7\u00e3o de Lula empatam ap\u00f3s tarifa\u00e7o de Trump, mostra pesquisa"},"content":{"rendered":"\n<p>A rea\u00e7\u00e3o do governo do presidente Luiz In\u00e1cio Lula da Silva ao tarifa\u00e7o de 50% imposto pelo presidente dos Estados Unidos, Donald Trump, aos produtos brasileiros, teve efeito positivo na avalia\u00e7\u00e3o do petista, segundo pesquisa AtlasIntel\/Bloomberg divulgada nesta ter\u00e7a-feira, 15.<\/p>\n\n\n\n<figure class=\"wp-block-image size-full\"><img loading=\"lazy\" decoding=\"async\" width=\"750\" height=\"200\" src=\"http:\/\/cafecommessias.com.br\/wp-content\/uploads\/2025\/07\/4442164053972871597-6.gif\" alt=\"\" class=\"wp-image-657\"\/><\/figure>\n\n\n\n<p>De acordo com a mostra, a sua aprova\u00e7\u00e3o saiu de 47,3% em junho deste ano para 49,9% em julho, o maior porcentual registrado neste ano. Com rela\u00e7\u00e3o a desaprova\u00e7\u00e3o, houve queda de 1,5 ponto porcentual, saindo de 51,8% no m\u00eas passado para 50,3% em julho.<\/p>\n\n\n\n<p>Foram entrevistadas para a pesquisa 2.841 pessoas, em question\u00e1rios on-line. A margem de erro \u00e9 de 2 pontos porcentuais, para mais ou para menos. O intervalo de confian\u00e7a \u00e9 de 95%.<\/p>\n\n\n\n<p>No \u00faltimo dia 9, Trump anunciou a sobretaxa de produtos importados do Brasil. A decis\u00e3o foi justificada por ele, principalmente, como resposta ao tratamento dado pelo Brasil ao ex-presidente Jair Bolsonaro e a decis\u00f5es do Supremo Tribunal Federal (STF) contra empresas americanas de tecnologia.<\/p>\n\n\n\n<p>\u201cO modo como o Brasil tem tratado o ex-presidente Bolsonaro, um l\u00edder altamente respeitado no mundo, \u00e9 uma desgra\u00e7a internacional\u201d, disse Trump. \u201cEsse julgamento n\u00e3o deveria estar ocorrendo. \u00c9 uma ca\u00e7a \u00e0s bruxas que deve terminar IMEDIATAMENTE!\u201d, escreveu.<\/p>\n\n\n\n<p>A pesquisa mostrou que para 40,9% dos entrevistados, o tarifa\u00e7o teve como principal motiva\u00e7\u00e3o a participa\u00e7\u00e3o do Brasil no Brics. J\u00e1 36,9% apontam que a motiva\u00e7\u00e3o para a taxa\u00e7\u00e3o \u00e9 a atua\u00e7\u00e3o da fam\u00edlia Bolsonaro com o presidente norte-americano.<\/p>\n\n\n\n<p>Na mostra, 16,8% disseram que foram as decis\u00f5es tomadas pelo Supremo, sobretudo com rela\u00e7\u00e3o \u00e0s redes sociais.<\/p>\n\n\n\n<p><sub>Por <em>Estad\u00e3o Conte\u00fado<\/em><\/sub><\/p>\n\n\n\n<p><a href=\"https:\/\/www.facebook.com\/sharer.php?u=https%3A%2F%2Ftribunadonorte.com.br%2Fpolitica%2Faprovacao-e-desaprovacao-de-lula-empatam-apos-tarifaco-de-trump-mostra-pesquisa%2F\"><\/a><\/p>\n\n\n\n<p><a href=\"https:\/\/www.facebook.com\/sharer.php?u=https%3A%2F%2Ftribunadonorte.com.br%2Fpolitica%2Faprovacao-e-desaprovacao-de-lula-empatam-apos-tarifaco-de-trump-mostra-pesquisa%2F\"><\/a><\/p>\n","protected":false},"excerpt":{"rendered":"<p>A rea\u00e7\u00e3o do governo do presidente Luiz In\u00e1cio Lula da Silva ao tarifa\u00e7o de 50% imposto pelo presidente dos Estados Unidos, Donald Trump, aos produtos brasileiros, teve efeito positivo na avalia\u00e7\u00e3o do petista, segundo pesquisa AtlasIntel\/Bloomberg divulgada nesta ter\u00e7a-feira, 15. De acordo com a mostra, a sua aprova\u00e7\u00e3o saiu de 47,3% em junho deste ano&#8230;<\/p>\n","protected":false},"author":1,"featured_media":658,"comment_status":"open","ping_status":"closed","sticky":false,"template":"","format":"standard","meta":{"footnotes":""},"categories":[6],"tags":[],"class_list":["post-656","post","type-post","status-publish","format-standard","has-post-thumbnail","hentry","category-politica"],"_links":{"self":[{"href":"https:\/\/cafecommessias.com.br\/index.php?rest_route=\/wp\/v2\/posts\/656","targetHints":{"allow":["GET"]}}],"collection":[{"href":"https:\/\/cafecommessias.com.br\/index.php?rest_route=\/wp\/v2\/posts"}],"about":[{"href":"https:\/\/cafecommessias.com.br\/index.php?rest_route=\/wp\/v2\/types\/post"}],"author":[{"embeddable":true,"href":"https:\/\/cafecommessias.com.br\/index.php?rest_route=\/wp\/v2\/users\/1"}],"replies":[{"embeddable":true,"href":"https:\/\/cafecommessias.com.br\/index.php?rest_route=%2Fwp%2Fv2%2Fcomments&post=656"}],"version-history":[{"count":1,"href":"https:\/\/cafecommessias.com.br\/index.php?rest_route=\/wp\/v2\/posts\/656\/revisions"}],"predecessor-version":[{"id":659,"href":"https:\/\/cafecommessias.com.br\/index.php?rest_route=\/wp\/v2\/posts\/656\/revisions\/659"}],"wp:featuredmedia":[{"embeddable":true,"href":"https:\/\/cafecommessias.com.br\/index.php?rest_route=\/wp\/v2\/media\/658"}],"wp:attachment":[{"href":"https:\/\/cafecommessias.com.br\/index.php?rest_route=%2Fwp%2Fv2%2Fmedia&parent=656"}],"wp:term":[{"taxonomy":"category","embeddable":true,"href":"https:\/\/cafecommessias.com.br\/index.php?rest_route=%2Fwp%2Fv2%2Fcategories&post=656"},{"taxonomy":"post_tag","embeddable":true,"href":"https:\/\/cafecommessias.com.br\/index.php?rest_route=%2Fwp%2Fv2%2Ftags&post=656"}],"curies":[{"name":"wp","href":"https:\/\/api.w.org\/{rel}","templated":true}]}}