{"id":6560,"date":"2025-12-16T08:25:39","date_gmt":"2025-12-16T11:25:39","guid":{"rendered":"https:\/\/cafecommessias.com.br\/?p=6560"},"modified":"2025-12-16T08:26:53","modified_gmt":"2025-12-16T11:26:53","slug":"vice-governador-walter-alves-tem-encontro-agendado-para-hoje-com-o-presidente-nacional-do-pt","status":"publish","type":"post","link":"https:\/\/cafecommessias.com.br\/?p=6560","title":{"rendered":"Vice-governador Walter Alves tem encontro agendado para hoje com o presidente nacional do PT"},"content":{"rendered":"\n<p>O vice-governador do Rio Grande do Norte e presidente estadual do MDB, Walter Alves, cumpre agenda em Bras\u00edlia nesta ter\u00e7a-feira (16). O principal compromisso \u00e9 um encontro com o presidente nacional do PT, Edinho Silva.<\/p>\n\n\n\n<p>A conversa gira em torno da sucess\u00e3o estadual de 2026. Com a governadora F\u00e1tima Bezerra fora do cargo a partir de abril do pr\u00f3ximo ano para disputar o Senado, as articula\u00e7\u00f5es come\u00e7am a ganhar corpo \u2014 e o di\u00e1logo entre MDB e PT \u00e9 pe\u00e7a-chave nesse tabuleiro.<\/p>\n\n\n\n<p>Oficialmente, a assessoria de Walter confirma apenas o encontro institucional. Nos bastidores, por\u00e9m, a leitura \u00e9 de que o vice-governador avan\u00e7a nas conversas para se consolidar como nome natural da continuidade do atual grupo pol\u00edtico no Estado.<\/p>\n\n\n\n<p>Al\u00e9m da reuni\u00e3o com Edinho Silva, Walter tamb\u00e9m tem outros encontros com lideran\u00e7as nacionais ao longo do dia. Os detalhes, como de praxe, ficam reservados.<\/p>\n","protected":false},"excerpt":{"rendered":"<p>O vice-governador do Rio Grande do Norte e presidente estadual do MDB, Walter Alves, cumpre agenda em Bras\u00edlia nesta ter\u00e7a-feira (16). O principal compromisso \u00e9 um encontro com o presidente nacional do PT, Edinho Silva. A conversa gira em torno da sucess\u00e3o estadual de 2026. Com a governadora F\u00e1tima Bezerra fora do cargo a partir&#8230;<\/p>\n","protected":false},"author":1,"featured_media":6561,"comment_status":"open","ping_status":"closed","sticky":false,"template":"","format":"standard","meta":{"footnotes":""},"categories":[6],"tags":[],"class_list":["post-6560","post","type-post","status-publish","format-standard","has-post-thumbnail","hentry","category-politica"],"_links":{"self":[{"href":"https:\/\/cafecommessias.com.br\/index.php?rest_route=\/wp\/v2\/posts\/6560","targetHints":{"allow":["GET"]}}],"collection":[{"href":"https:\/\/cafecommessias.com.br\/index.php?rest_route=\/wp\/v2\/posts"}],"about":[{"href":"https:\/\/cafecommessias.com.br\/index.php?rest_route=\/wp\/v2\/types\/post"}],"author":[{"embeddable":true,"href":"https:\/\/cafecommessias.com.br\/index.php?rest_route=\/wp\/v2\/users\/1"}],"replies":[{"embeddable":true,"href":"https:\/\/cafecommessias.com.br\/index.php?rest_route=%2Fwp%2Fv2%2Fcomments&post=6560"}],"version-history":[{"count":1,"href":"https:\/\/cafecommessias.com.br\/index.php?rest_route=\/wp\/v2\/posts\/6560\/revisions"}],"predecessor-version":[{"id":6562,"href":"https:\/\/cafecommessias.com.br\/index.php?rest_route=\/wp\/v2\/posts\/6560\/revisions\/6562"}],"wp:featuredmedia":[{"embeddable":true,"href":"https:\/\/cafecommessias.com.br\/index.php?rest_route=\/wp\/v2\/media\/6561"}],"wp:attachment":[{"href":"https:\/\/cafecommessias.com.br\/index.php?rest_route=%2Fwp%2Fv2%2Fmedia&parent=6560"}],"wp:term":[{"taxonomy":"category","embeddable":true,"href":"https:\/\/cafecommessias.com.br\/index.php?rest_route=%2Fwp%2Fv2%2Fcategories&post=6560"},{"taxonomy":"post_tag","embeddable":true,"href":"https:\/\/cafecommessias.com.br\/index.php?rest_route=%2Fwp%2Fv2%2Ftags&post=6560"}],"curies":[{"name":"wp","href":"https:\/\/api.w.org\/{rel}","templated":true}]}}