{"id":6566,"date":"2025-12-16T08:38:51","date_gmt":"2025-12-16T11:38:51","guid":{"rendered":"https:\/\/cafecommessias.com.br\/?p=6566"},"modified":"2025-12-16T08:41:15","modified_gmt":"2025-12-16T11:41:15","slug":"cosems-participa-de-agenda-estrategica-do-ministerio-da-saude-sobre-atencao-especializada-no-rn","status":"publish","type":"post","link":"https:\/\/cafecommessias.com.br\/?p=6566","title":{"rendered":"Cosems participa de agenda estrat\u00e9gica do Minist\u00e9rio da Sa\u00fade sobre aten\u00e7\u00e3o especializada no RN"},"content":{"rendered":"\n<p>Cosems participa de agenda estrat\u00e9gica do Minist\u00e9rio da Sa\u00fade sobre aten\u00e7\u00e3o especializada no RN<br>A presidente do Conselho de Secretarias Municipais de Sa\u00fade do Rio Grande do Norte (Cosems-RN) e secret\u00e1ria municipal de sa\u00fade de Doutor Severiano, Maria Eliza Garcia, participou, nesta segunda-feira (15), de uma s\u00e9rie de agendas institucionais realizadas em Natal, como parte da visita do Minist\u00e9rio da Sa\u00fade ao Estado para o acompanhamento e fortalecimento do Programa Agora Tem Especialistas, voltado \u00e0 amplia\u00e7\u00e3o e qualifica\u00e7\u00e3o da aten\u00e7\u00e3o especializada no Sistema \u00danico de Sa\u00fade (SUS).<\/p>\n\n\n\n<p>A programa\u00e7\u00e3o teve in\u00edcio com uma reuni\u00e3o de alinhamento institucional, reunindo representantes do Minist\u00e9rio da Sa\u00fade, da Secretaria de Estado da Sa\u00fade P\u00fablica do Rio Grande do Norte (Sesap-RN), da Superintend\u00eancia do Minist\u00e9rio da Sa\u00fade no Estado (SEMS) e do Cosems-RN. O encontro foi dedicado ao di\u00e1logo sobre estrat\u00e9gias para o fortalecimento da aten\u00e7\u00e3o especializada no territ\u00f3rio potiguar, considerando as especificidades regionais e as necessidades dos munic\u00edpios.<\/p>\n\n\n\n<p>Na sequ\u00eancia, ocorreu a reuni\u00e3o de articula\u00e7\u00e3o estrat\u00e9gica com o Grupo Condutor Estadual do Programa, que contou com a presen\u00e7a das mesmas institui\u00e7\u00f5es e de membros do grupo respons\u00e1vel pela condu\u00e7\u00e3o do programa no \u00e2mbito do Rio Grande do Norte. Na pauta, foram apresentadas atualiza\u00e7\u00f5es sobre as atividades desta iniciativa no Estado, al\u00e9m do debate e encaminhamento de demandas priorit\u00e1rias dos munic\u00edpios, refor\u00e7ando o papel do Conselho de Secretarias como representante do conjunto das gest\u00f5es municipais de sa\u00fade.<\/p>\n\n\n\n<p>No per\u00edodo da tarde, Maria Eliza Garcia tamb\u00e9m participou da assinatura do Termo de Execu\u00e7\u00e3o para libera\u00e7\u00e3o de cr\u00e9ditos financeiros junto ao Hospital do Cora\u00e7\u00e3o em agenda que marcou a formaliza\u00e7\u00e3o de responsabilidades e o alinhamento financeiro para a execu\u00e7\u00e3o das a\u00e7\u00f5es previstas no programa, fortalecendo a oferta de servi\u00e7os especializados no Rio Grande do Norte.<\/p>\n\n\n\n<p>Encerrando a programa\u00e7\u00e3o, a presidente do Cosems esteve presente na solenidade de inaugura\u00e7\u00e3o da nova sede SEMS, evento que reuniu autoridades e convidados dos \u00e2mbitos federal, estadual e municipal, simbolizando o fortalecimento da presen\u00e7a institucional do Minist\u00e9rio da Sa\u00fade no estado.<\/p>\n\n\n\n<p>\u201cA participa\u00e7\u00e3o do Cosems em todas as agendas refor\u00e7a o compromisso da entidade com a defesa dos interesses dos munic\u00edpios e com a constru\u00e7\u00e3o coletiva de estrat\u00e9gias que ampliem o acesso da popula\u00e7\u00e3o aos servi\u00e7os de aten\u00e7\u00e3o especializada, em articula\u00e7\u00e3o permanente com o Minist\u00e9rio da Sa\u00fade e a gest\u00e3o estadual\u201d, frisou Maria Eliza Garcia.<\/p>\n\n\n\n<p class=\"has-text-align-center\"><strong><em>PUBLICIDADE<\/em><\/strong><\/p>\n\n\n\n<figure class=\"wp-block-image size-full\"><img loading=\"lazy\" decoding=\"async\" width=\"630\" height=\"96\" src=\"https:\/\/cafecommessias.com.br\/wp-content\/uploads\/2025\/12\/630x96-Adolescencia.png-1.webp\" alt=\"\" class=\"wp-image-6531\" srcset=\"https:\/\/cafecommessias.com.br\/wp-content\/uploads\/2025\/12\/630x96-Adolescencia.png-1.webp 630w, https:\/\/cafecommessias.com.br\/wp-content\/uploads\/2025\/12\/630x96-Adolescencia.png-1-300x46.webp 300w\" sizes=\"auto, (max-width: 630px) 100vw, 630px\" \/><\/figure>\n","protected":false},"excerpt":{"rendered":"<p>Cosems participa de agenda estrat\u00e9gica do Minist\u00e9rio da Sa\u00fade sobre aten\u00e7\u00e3o especializada no RNA presidente do Conselho de Secretarias Municipais de Sa\u00fade do Rio Grande do Norte (Cosems-RN) e secret\u00e1ria municipal de sa\u00fade de Doutor Severiano, Maria Eliza Garcia, participou, nesta segunda-feira (15), de uma s\u00e9rie de agendas institucionais realizadas em Natal, como parte da&#8230;<\/p>\n","protected":false},"author":1,"featured_media":6567,"comment_status":"open","ping_status":"closed","sticky":false,"template":"","format":"standard","meta":{"footnotes":""},"categories":[3],"tags":[],"class_list":["post-6566","post","type-post","status-publish","format-standard","has-post-thumbnail","hentry","category-geral"],"_links":{"self":[{"href":"https:\/\/cafecommessias.com.br\/index.php?rest_route=\/wp\/v2\/posts\/6566","targetHints":{"allow":["GET"]}}],"collection":[{"href":"https:\/\/cafecommessias.com.br\/index.php?rest_route=\/wp\/v2\/posts"}],"about":[{"href":"https:\/\/cafecommessias.com.br\/index.php?rest_route=\/wp\/v2\/types\/post"}],"author":[{"embeddable":true,"href":"https:\/\/cafecommessias.com.br\/index.php?rest_route=\/wp\/v2\/users\/1"}],"replies":[{"embeddable":true,"href":"https:\/\/cafecommessias.com.br\/index.php?rest_route=%2Fwp%2Fv2%2Fcomments&post=6566"}],"version-history":[{"count":2,"href":"https:\/\/cafecommessias.com.br\/index.php?rest_route=\/wp\/v2\/posts\/6566\/revisions"}],"predecessor-version":[{"id":6571,"href":"https:\/\/cafecommessias.com.br\/index.php?rest_route=\/wp\/v2\/posts\/6566\/revisions\/6571"}],"wp:featuredmedia":[{"embeddable":true,"href":"https:\/\/cafecommessias.com.br\/index.php?rest_route=\/wp\/v2\/media\/6567"}],"wp:attachment":[{"href":"https:\/\/cafecommessias.com.br\/index.php?rest_route=%2Fwp%2Fv2%2Fmedia&parent=6566"}],"wp:term":[{"taxonomy":"category","embeddable":true,"href":"https:\/\/cafecommessias.com.br\/index.php?rest_route=%2Fwp%2Fv2%2Fcategories&post=6566"},{"taxonomy":"post_tag","embeddable":true,"href":"https:\/\/cafecommessias.com.br\/index.php?rest_route=%2Fwp%2Fv2%2Ftags&post=6566"}],"curies":[{"name":"wp","href":"https:\/\/api.w.org\/{rel}","templated":true}]}}