{"id":6624,"date":"2025-12-17T07:01:55","date_gmt":"2025-12-17T10:01:55","guid":{"rendered":"https:\/\/cafecommessias.com.br\/?p=6624"},"modified":"2025-12-17T07:16:58","modified_gmt":"2025-12-17T10:16:58","slug":"caos-na-saida-passageiros-enfrentam-fila-de-madrugada-para-deixar-aeroporto-de-natal","status":"publish","type":"post","link":"https:\/\/cafecommessias.com.br\/?p=6624","title":{"rendered":"\u201cCaos na sa\u00edda\u201d: passageiros enfrentam fila de madrugada para deixar aeroporto de Natal"},"content":{"rendered":"\n<p>Passageiros que desembarcaram no Aeroporto Internacional de Natal, em S\u00e3o Gon\u00e7alo do Amarante, viveram um cen\u00e1rio ca\u00f3tico na madrugada desta quarta-feira (17). Por volta das 2h da manh\u00e3, uma longa fila se formou na \u00e1rea de sa\u00edda do estacionamento, travando completamente o fluxo de ve\u00edculos.<\/p>\n\n\n\n<p>De acordo com relatos enviados por um leitor ao Blog do BG, apenas duas das tr\u00eas m\u00e1quinas de autoatendimento estavam funcionando \u2014 e exclusivamente com pagamento via Pix. Quem pretendia pagar com cart\u00e3o s\u00f3 tinha uma op\u00e7\u00e3o: efetuar o pagamento diretamente na cabine de sa\u00edda, o que ampliou ainda mais a fila e a demora.<\/p>\n\n\n\n<p>A imagem enviada mostra dezenas de ve\u00edculos parados, far\u00f3is ligados, muitos tentando deixar o aeroporto ap\u00f3s um voo noturno. O leitor classificou a situa\u00e7\u00e3o como um \u201ccart\u00e3o de visita vergonhoso\u201d para quem chega \u00e0 capital potiguar, principalmente turistas rec\u00e9m-chegados ao Rio Grande do Norte.<\/p>\n\n\n\n<p>Al\u00e9m do transtorno, motoristas reclamaram do risco de cobran\u00e7a adicional por tempo excedido.<\/p>\n\n\n\n<p class=\"has-text-align-center\"><strong><em>PUBLICIDADE<\/em><\/strong><\/p>\n\n\n\n<figure class=\"wp-block-image size-large\"><a href=\"https:\/\/www.natal.rn.gov.br\/\"><img decoding=\"async\" src=\"https:\/\/cafecommessias.com.br\/wp-content\/uploads\/2025\/12\/Banner-natalemnatal-1190x250px-1.gif\" alt=\"\"\/><\/a><\/figure>\n","protected":false},"excerpt":{"rendered":"<p>Passageiros que desembarcaram no Aeroporto Internacional de Natal, em S\u00e3o Gon\u00e7alo do Amarante, viveram um cen\u00e1rio ca\u00f3tico na madrugada desta quarta-feira (17). Por volta das 2h da manh\u00e3, uma longa fila se formou na \u00e1rea de sa\u00edda do estacionamento, travando completamente o fluxo de ve\u00edculos. De acordo com relatos enviados por um leitor ao Blog&#8230;<\/p>\n","protected":false},"author":1,"featured_media":6625,"comment_status":"open","ping_status":"closed","sticky":false,"template":"","format":"standard","meta":{"footnotes":""},"categories":[4,3],"tags":[],"class_list":["post-6624","post","type-post","status-publish","format-standard","has-post-thumbnail","hentry","category-anuncie-aqui","category-geral"],"_links":{"self":[{"href":"https:\/\/cafecommessias.com.br\/index.php?rest_route=\/wp\/v2\/posts\/6624","targetHints":{"allow":["GET"]}}],"collection":[{"href":"https:\/\/cafecommessias.com.br\/index.php?rest_route=\/wp\/v2\/posts"}],"about":[{"href":"https:\/\/cafecommessias.com.br\/index.php?rest_route=\/wp\/v2\/types\/post"}],"author":[{"embeddable":true,"href":"https:\/\/cafecommessias.com.br\/index.php?rest_route=\/wp\/v2\/users\/1"}],"replies":[{"embeddable":true,"href":"https:\/\/cafecommessias.com.br\/index.php?rest_route=%2Fwp%2Fv2%2Fcomments&post=6624"}],"version-history":[{"count":2,"href":"https:\/\/cafecommessias.com.br\/index.php?rest_route=\/wp\/v2\/posts\/6624\/revisions"}],"predecessor-version":[{"id":6628,"href":"https:\/\/cafecommessias.com.br\/index.php?rest_route=\/wp\/v2\/posts\/6624\/revisions\/6628"}],"wp:featuredmedia":[{"embeddable":true,"href":"https:\/\/cafecommessias.com.br\/index.php?rest_route=\/wp\/v2\/media\/6625"}],"wp:attachment":[{"href":"https:\/\/cafecommessias.com.br\/index.php?rest_route=%2Fwp%2Fv2%2Fmedia&parent=6624"}],"wp:term":[{"taxonomy":"category","embeddable":true,"href":"https:\/\/cafecommessias.com.br\/index.php?rest_route=%2Fwp%2Fv2%2Fcategories&post=6624"},{"taxonomy":"post_tag","embeddable":true,"href":"https:\/\/cafecommessias.com.br\/index.php?rest_route=%2Fwp%2Fv2%2Ftags&post=6624"}],"curies":[{"name":"wp","href":"https:\/\/api.w.org\/{rel}","templated":true}]}}