{"id":6678,"date":"2025-12-17T17:21:27","date_gmt":"2025-12-17T20:21:27","guid":{"rendered":"https:\/\/cafecommessias.com.br\/?p=6678"},"modified":"2025-12-17T17:22:38","modified_gmt":"2025-12-17T20:22:38","slug":"stf-tem-maioria-contra-marco-temporal-para-demarcacao-de-terras-indigenas","status":"publish","type":"post","link":"https:\/\/cafecommessias.com.br\/?p=6678","title":{"rendered":"STF tem maioria contra marco temporal para demarca\u00e7\u00e3o de terras ind\u00edgenas"},"content":{"rendered":"\n<p>O STF formou maioria nesta quarta-feira (17) para declarar inconstitucional o marco temporal para a demarca\u00e7\u00e3o de terras ind\u00edgenas. O julgamento ocorre no plen\u00e1rio virtual e analisa quatro a\u00e7\u00f5es contra a lei aprovada pelo Congresso em 2023. Os ministros t\u00eam at\u00e9 as 23h59 de quinta-feira (18) para votar.<\/p>\n\n\n\n<p>Relator do caso, o ministro Gilmar Mendes afirmou que a norma viola a Constitui\u00e7\u00e3o e contraria decis\u00e3o do pr\u00f3prio STF de 2023, que garantiu o direito dos povos ind\u00edgenas \u00e0s terras tradicionalmente ocupadas sem a exig\u00eancia de marco temporal. Para o ministro, a lei \u00e9 desproporcional, gera inseguran\u00e7a jur\u00eddica e imp\u00f5e exig\u00eancias de prova praticamente imposs\u00edveis, sobretudo a povos sem documenta\u00e7\u00e3o formal.<\/p>\n\n\n\n<p>Mendes tamb\u00e9m apontou omiss\u00e3o do Estado e defendeu que a Uni\u00e3o conclua os processos de demarca\u00e7\u00e3o em at\u00e9 dez anos, al\u00e9m de considerar inconstitucional a proibi\u00e7\u00e3o de amplia\u00e7\u00e3o de terras j\u00e1 demarcadas. A maioria da Corte acompanhou esses entendimentos.<\/p>\n\n\n\n<p class=\"has-text-align-center\"><strong><em>PUBLICIDADE<\/em><\/strong><\/p>\n\n\n\n<figure class=\"wp-block-image size-large\"><img decoding=\"async\" src=\"https:\/\/cafecommessias.com.br\/wp-content\/uploads\/2025\/12\/Banner-natalemnatal-1190x250px-1.gif\" alt=\"\"\/><\/figure>\n","protected":false},"excerpt":{"rendered":"<p>O STF formou maioria nesta quarta-feira (17) para declarar inconstitucional o marco temporal para a demarca\u00e7\u00e3o de terras ind\u00edgenas. O julgamento ocorre no plen\u00e1rio virtual e analisa quatro a\u00e7\u00f5es contra a lei aprovada pelo Congresso em 2023. Os ministros t\u00eam at\u00e9 as 23h59 de quinta-feira (18) para votar. Relator do caso, o ministro Gilmar Mendes&#8230;<\/p>\n","protected":false},"author":1,"featured_media":6679,"comment_status":"open","ping_status":"closed","sticky":false,"template":"","format":"standard","meta":{"footnotes":""},"categories":[3],"tags":[],"class_list":["post-6678","post","type-post","status-publish","format-standard","has-post-thumbnail","hentry","category-geral"],"_links":{"self":[{"href":"https:\/\/cafecommessias.com.br\/index.php?rest_route=\/wp\/v2\/posts\/6678","targetHints":{"allow":["GET"]}}],"collection":[{"href":"https:\/\/cafecommessias.com.br\/index.php?rest_route=\/wp\/v2\/posts"}],"about":[{"href":"https:\/\/cafecommessias.com.br\/index.php?rest_route=\/wp\/v2\/types\/post"}],"author":[{"embeddable":true,"href":"https:\/\/cafecommessias.com.br\/index.php?rest_route=\/wp\/v2\/users\/1"}],"replies":[{"embeddable":true,"href":"https:\/\/cafecommessias.com.br\/index.php?rest_route=%2Fwp%2Fv2%2Fcomments&post=6678"}],"version-history":[{"count":2,"href":"https:\/\/cafecommessias.com.br\/index.php?rest_route=\/wp\/v2\/posts\/6678\/revisions"}],"predecessor-version":[{"id":6681,"href":"https:\/\/cafecommessias.com.br\/index.php?rest_route=\/wp\/v2\/posts\/6678\/revisions\/6681"}],"wp:featuredmedia":[{"embeddable":true,"href":"https:\/\/cafecommessias.com.br\/index.php?rest_route=\/wp\/v2\/media\/6679"}],"wp:attachment":[{"href":"https:\/\/cafecommessias.com.br\/index.php?rest_route=%2Fwp%2Fv2%2Fmedia&parent=6678"}],"wp:term":[{"taxonomy":"category","embeddable":true,"href":"https:\/\/cafecommessias.com.br\/index.php?rest_route=%2Fwp%2Fv2%2Fcategories&post=6678"},{"taxonomy":"post_tag","embeddable":true,"href":"https:\/\/cafecommessias.com.br\/index.php?rest_route=%2Fwp%2Fv2%2Ftags&post=6678"}],"curies":[{"name":"wp","href":"https:\/\/api.w.org\/{rel}","templated":true}]}}