{"id":6690,"date":"2025-12-17T17:37:09","date_gmt":"2025-12-17T20:37:09","guid":{"rendered":"https:\/\/cafecommessias.com.br\/?p=6690"},"modified":"2025-12-17T17:37:23","modified_gmt":"2025-12-17T20:37:23","slug":"sou-amigo-de-motta-e-alcolumbre-e-grato-pelo-que-fizeram-diz-lula","status":"publish","type":"post","link":"https:\/\/cafecommessias.com.br\/?p=6690","title":{"rendered":"Sou amigo de Motta e Alcolumbre e grato pelo que fizeram, diz Lula"},"content":{"rendered":"\n<p>Luiz In\u00e1cio Lula da Silva (PT) afirmou nesta 4\u00aa feira (17.dez.2025) que \u00e9 \u201camigo\u201d dos presidentes da C\u00e2mara, Hugo Motta (Republicanos-PB), e do Senado, Davi Alcolumbre (Uni\u00e3o Brasil-AP), e defendeu o di\u00e1logo com o Congresso. O petista disse ser grato pela atua\u00e7\u00e3o dos dois nos 3 anos do seu mandato, mas reconheceu que \u00e9 necess\u00e1rio \u201caparar arestas\u201d em momentos de diverg\u00eancia.<\/p>\n\n\n\n<p>\u201cEu n\u00e3o tenho nada pessoalmente contra ningu\u00e9m. Sou amigo do Hugo Motta, do Arthur Lira, do Rodrigo Pacheco, do Alcolumbre. Sou grato pelo que eles fizeram nesses 3 anos comigo e, na hora que surgir uma diverg\u00eancia, \u00e9 importante lembrar que a gente precisa conversar mais, aparar as arestas. Estou disposto a fazer isso porque n\u00f3s somos gratos por tudo que foi aprovado at\u00e9 agora\u201d, afirmou.<\/p>\n\n\n\n<p>A fala se deu durante a \u00faltima reuni\u00e3o ministerial de 2025 com todos os ministros de Estado. O encontro, tradicional em governos petistas, ser\u00e1 realizado na Granja do Torto, em Bras\u00edlia (DF). A reuni\u00e3o deve durar o dia inteiro, j\u00e1 que \u00e9 o \u00fanico compromisso p\u00fablico marcado na agenda de Lula. \u00c9 comum que esses encontros se estendam.<\/p>\n\n\n\n<p>\u00c9 a 2\u00aa vez nesta semana que Lula minimiza os atritos recentes do governo com o Congresso. Em discurso durante a inaugura\u00e7\u00e3o da sede da Apex (Ag\u00eancia Brasileira de Promo\u00e7\u00e3o de Exporta\u00e7\u00f5es e Investimentos), na 2\u00aa feira (15.dez.2025), adotou um tom mais conciliador. \u201cQueria dizer que eu sou muito grato a tudo que o Congresso tem feito por n\u00f3s nesses 3 anos de governo\u201d, disse na ocasi\u00e3o.<\/p>\n\n\n\n<p><em><sub>Por Poder360<\/sub><\/em><\/p>\n\n\n\n<p><\/p>\n","protected":false},"excerpt":{"rendered":"<p>Luiz In\u00e1cio Lula da Silva (PT) afirmou nesta 4\u00aa feira (17.dez.2025) que \u00e9 \u201camigo\u201d dos presidentes da C\u00e2mara, Hugo Motta (Republicanos-PB), e do Senado, Davi Alcolumbre (Uni\u00e3o Brasil-AP), e defendeu o di\u00e1logo com o Congresso. O petista disse ser grato pela atua\u00e7\u00e3o dos dois nos 3 anos do seu mandato, mas reconheceu que \u00e9 necess\u00e1rio&#8230;<\/p>\n","protected":false},"author":1,"featured_media":6691,"comment_status":"open","ping_status":"closed","sticky":false,"template":"","format":"standard","meta":{"footnotes":""},"categories":[3],"tags":[],"class_list":["post-6690","post","type-post","status-publish","format-standard","has-post-thumbnail","hentry","category-geral"],"_links":{"self":[{"href":"https:\/\/cafecommessias.com.br\/index.php?rest_route=\/wp\/v2\/posts\/6690","targetHints":{"allow":["GET"]}}],"collection":[{"href":"https:\/\/cafecommessias.com.br\/index.php?rest_route=\/wp\/v2\/posts"}],"about":[{"href":"https:\/\/cafecommessias.com.br\/index.php?rest_route=\/wp\/v2\/types\/post"}],"author":[{"embeddable":true,"href":"https:\/\/cafecommessias.com.br\/index.php?rest_route=\/wp\/v2\/users\/1"}],"replies":[{"embeddable":true,"href":"https:\/\/cafecommessias.com.br\/index.php?rest_route=%2Fwp%2Fv2%2Fcomments&post=6690"}],"version-history":[{"count":1,"href":"https:\/\/cafecommessias.com.br\/index.php?rest_route=\/wp\/v2\/posts\/6690\/revisions"}],"predecessor-version":[{"id":6692,"href":"https:\/\/cafecommessias.com.br\/index.php?rest_route=\/wp\/v2\/posts\/6690\/revisions\/6692"}],"wp:featuredmedia":[{"embeddable":true,"href":"https:\/\/cafecommessias.com.br\/index.php?rest_route=\/wp\/v2\/media\/6691"}],"wp:attachment":[{"href":"https:\/\/cafecommessias.com.br\/index.php?rest_route=%2Fwp%2Fv2%2Fmedia&parent=6690"}],"wp:term":[{"taxonomy":"category","embeddable":true,"href":"https:\/\/cafecommessias.com.br\/index.php?rest_route=%2Fwp%2Fv2%2Fcategories&post=6690"},{"taxonomy":"post_tag","embeddable":true,"href":"https:\/\/cafecommessias.com.br\/index.php?rest_route=%2Fwp%2Fv2%2Ftags&post=6690"}],"curies":[{"name":"wp","href":"https:\/\/api.w.org\/{rel}","templated":true}]}}