{"id":6699,"date":"2025-12-17T18:37:52","date_gmt":"2025-12-17T21:37:52","guid":{"rendered":"https:\/\/cafecommessias.com.br\/?p=6699"},"modified":"2025-12-19T00:44:01","modified_gmt":"2025-12-19T03:44:01","slug":"o-que-diz-a-denuncia-protocolada-por-eliabe-contra-a-vereadora-brisa-bracchi","status":"publish","type":"post","link":"https:\/\/cafecommessias.com.br\/?p=6699","title":{"rendered":"O que diz a den\u00fancia protocolada por Eliabe contra a vereadora\u00a0Brisa Bracchi"},"content":{"rendered":"\n<p>O vereador Subtenente Eliabe (PL) protocolou, nesta ter\u00e7a-feira (17), uma den\u00fancia por quebra de decoro parlamentar contra a vereadora Brisa Bracchi (PT) na C\u00e2mara Municipal de Natal. A representa\u00e7\u00e3o foi encaminhada ao Conselho de \u00c9tica da Casa e tem como base um epis\u00f3dio ocorrido no dia 5 de dezembro, em Tibau do Sul.<\/p>\n\n\n\n<p><strong>O QUE DIZ A DEN\u00daNCIA<\/strong><\/p>\n\n\n\n<p>A vereadora teria se envolvido em uma agress\u00e3o f\u00edsica contra uma cidad\u00e3. O relato que consta nos autos aponta que Brisa Bracchi teria invadido o ve\u00edculo da v\u00edtima pela janela do passageiro, causando arranh\u00f5es nos dois bra\u00e7os da pessoa. Durante a confus\u00e3o, os \u00f3culos da parlamentar teriam ca\u00eddo dentro do carro da suposta v\u00edtima e posteriormente sido levados \u00e0 delegacia. Ainda de acordo com o registro, ao perceber que estava sendo filmada, a vereadora teria desferido um golpe contra o celular da v\u00edtima, provocando danos ao aparelho.<\/p>\n\n\n\n<figure class=\"wp-block-image size-full\"><img loading=\"lazy\" decoding=\"async\" width=\"587\" height=\"449\" src=\"https:\/\/cafecommessias.com.br\/wp-content\/uploads\/2025\/12\/oculos.webp\" alt=\"\" class=\"wp-image-6700\" srcset=\"https:\/\/cafecommessias.com.br\/wp-content\/uploads\/2025\/12\/oculos.webp 587w, https:\/\/cafecommessias.com.br\/wp-content\/uploads\/2025\/12\/oculos-300x229.webp 300w\" sizes=\"auto, (max-width: 587px) 100vw, 587px\" \/><\/figure>\n\n\n\n<p>O caso est\u00e1 sendo apurado pela Pol\u00edcia Civil e conta com exame de corpo de delito, apreens\u00e3o de objetos e outros elementos documentais anexados ao processo. Para Eliabe, os fatos extrapolam o campo do debate pol\u00edtico e exigem apura\u00e7\u00e3o institucional, conforme prev\u00ea o Decreto-Lei n\u00ba 201\/1968 e o Regimento Interno da C\u00e2mara Municipal de Natal.<\/p>\n\n\n\n<h2 class=\"wp-block-heading has-text-align-center\">PUBLICIDADE<\/h2>\n\n\n\n<figure class=\"wp-block-video\"><video height=\"1080\" style=\"aspect-ratio: 1920 \/ 1080;\" width=\"1920\" controls src=\"https:\/\/cafecommessias.com.br\/wp-content\/uploads\/2025\/12\/VT-01-IPTU.mp4\" playsinline><\/video><\/figure>\n\n\n<div class=\"wp-block-post-author\"><div class=\"wp-block-post-author__avatar\"><img alt='' src='https:\/\/secure.gravatar.com\/avatar\/a62bcf199877d37056dc55ccc32b6decbd05abb46ce616ef4c38b16491e4d91d?s=48&#038;r=g' srcset='https:\/\/secure.gravatar.com\/avatar\/a62bcf199877d37056dc55ccc32b6decbd05abb46ce616ef4c38b16491e4d91d?s=96&#038;r=g 2x' class='avatar avatar-48 photo' height='48' width='48' \/><\/div><div class=\"wp-block-post-author__content\"><p class=\"wp-block-post-author__name\">Blogcafecommessias<\/p><\/div><\/div>","protected":false},"excerpt":{"rendered":"<p>O vereador Subtenente Eliabe (PL) protocolou, nesta ter\u00e7a-feira (17), uma den\u00fancia por quebra de decoro parlamentar contra a vereadora Brisa Bracchi (PT) na C\u00e2mara Municipal de Natal. A representa\u00e7\u00e3o foi encaminhada ao Conselho de \u00c9tica da Casa e tem como base um epis\u00f3dio ocorrido no dia 5 de dezembro, em Tibau do Sul. O QUE&#8230;<\/p>\n","protected":false},"author":1,"featured_media":6701,"comment_status":"open","ping_status":"closed","sticky":false,"template":"","format":"standard","meta":{"footnotes":""},"categories":[6],"tags":[],"class_list":["post-6699","post","type-post","status-publish","format-standard","has-post-thumbnail","hentry","category-politica"],"_links":{"self":[{"href":"https:\/\/cafecommessias.com.br\/index.php?rest_route=\/wp\/v2\/posts\/6699","targetHints":{"allow":["GET"]}}],"collection":[{"href":"https:\/\/cafecommessias.com.br\/index.php?rest_route=\/wp\/v2\/posts"}],"about":[{"href":"https:\/\/cafecommessias.com.br\/index.php?rest_route=\/wp\/v2\/types\/post"}],"author":[{"embeddable":true,"href":"https:\/\/cafecommessias.com.br\/index.php?rest_route=\/wp\/v2\/users\/1"}],"replies":[{"embeddable":true,"href":"https:\/\/cafecommessias.com.br\/index.php?rest_route=%2Fwp%2Fv2%2Fcomments&post=6699"}],"version-history":[{"count":3,"href":"https:\/\/cafecommessias.com.br\/index.php?rest_route=\/wp\/v2\/posts\/6699\/revisions"}],"predecessor-version":[{"id":6772,"href":"https:\/\/cafecommessias.com.br\/index.php?rest_route=\/wp\/v2\/posts\/6699\/revisions\/6772"}],"wp:featuredmedia":[{"embeddable":true,"href":"https:\/\/cafecommessias.com.br\/index.php?rest_route=\/wp\/v2\/media\/6701"}],"wp:attachment":[{"href":"https:\/\/cafecommessias.com.br\/index.php?rest_route=%2Fwp%2Fv2%2Fmedia&parent=6699"}],"wp:term":[{"taxonomy":"category","embeddable":true,"href":"https:\/\/cafecommessias.com.br\/index.php?rest_route=%2Fwp%2Fv2%2Fcategories&post=6699"},{"taxonomy":"post_tag","embeddable":true,"href":"https:\/\/cafecommessias.com.br\/index.php?rest_route=%2Fwp%2Fv2%2Ftags&post=6699"}],"curies":[{"name":"wp","href":"https:\/\/api.w.org\/{rel}","templated":true}]}}