{"id":6703,"date":"2025-12-17T18:45:32","date_gmt":"2025-12-17T21:45:32","guid":{"rendered":"https:\/\/cafecommessias.com.br\/?p=6703"},"modified":"2025-12-17T18:46:38","modified_gmt":"2025-12-17T21:46:38","slug":"pesquisa-atlas-intel-mostra-fatima-bezerra-com-aprovacao-entre-os-melhores-governadores-do-pais-e-pela-maioria-dos-potiguares","status":"publish","type":"post","link":"https:\/\/cafecommessias.com.br\/?p=6703","title":{"rendered":"Pesquisa Atlas Intel mostra F\u00e1tima Bezerra com aprova\u00e7\u00e3o entre os melhores governadores do pa\u00eds e pela maioria dos potiguares"},"content":{"rendered":"\n<p>O resultado coloca a governadora \u00e0 frente de v\u00e1rios outros governadores; com 51%, F\u00e1tima \u00e9 aprovada pela maioria dos potiguares, segundo os n\u00fameros da pesquisa_<\/p>\n\n\n\n<p>Uma nova pesquisa nacional de avalia\u00e7\u00e3o de governadores feita pelo Atlas Intel, divulgada pelo UOL nesta quarta-feira (17) aponta F\u00e1tima Bezerra (PT), governadora do Rio Grande do Norte, com 51% de aprova\u00e7\u00e3o popular, colocando-a entre os l\u00edderes no ranking de desempenho entre os executivos estaduais.<\/p>\n\n\n\n<p>Foram ouvidas 200.980 pessoas entre os dias 6 de outubro e 5 de dezembro; margem de erro \u00e9 de 1 a 4 pontos percentuais para mais ou para menos, de acordo com o tamanho do estado.<\/p>\n\n\n\n<p>O levantamento avaliou o desempenho dos 27 governadores brasileiros e registrou F\u00e1tima na 12\u00aa posi\u00e7\u00e3o, com 51% dos entrevistados aprovando sua gest\u00e3o no estado. Apesar do cen\u00e1rio pol\u00edtico competitivo e dos desafios enfrentados na administra\u00e7\u00e3o potiguar, o resultado coloca a governadora \u00e0 frente de v\u00e1rios pares em todo o pa\u00eds, segundo os n\u00fameros da pesquisa.<\/p>\n\n\n\n<p>Confira a mat\u00e9ria do UOL: AtlasIntel:\u00a0<a href=\"https:\/\/noticias.uol.com.br\/politica\/ultimas-noticias\/2025\/12\/17\/pesquisa-atlas-intel-aprovacao-governadores.htm\">Caiado lidera ranking de aprova\u00e7\u00e3o de governadores; veja lista<\/a><\/p>\n","protected":false},"excerpt":{"rendered":"<p>O resultado coloca a governadora \u00e0 frente de v\u00e1rios outros governadores; com 51%, F\u00e1tima \u00e9 aprovada pela maioria dos potiguares, segundo os n\u00fameros da pesquisa_ Uma nova pesquisa nacional de avalia\u00e7\u00e3o de governadores feita pelo Atlas Intel, divulgada pelo UOL nesta quarta-feira (17) aponta F\u00e1tima Bezerra (PT), governadora do Rio Grande do Norte, com 51%&#8230;<\/p>\n","protected":false},"author":1,"featured_media":6704,"comment_status":"open","ping_status":"closed","sticky":false,"template":"","format":"standard","meta":{"footnotes":""},"categories":[6],"tags":[],"class_list":["post-6703","post","type-post","status-publish","format-standard","has-post-thumbnail","hentry","category-politica"],"_links":{"self":[{"href":"https:\/\/cafecommessias.com.br\/index.php?rest_route=\/wp\/v2\/posts\/6703","targetHints":{"allow":["GET"]}}],"collection":[{"href":"https:\/\/cafecommessias.com.br\/index.php?rest_route=\/wp\/v2\/posts"}],"about":[{"href":"https:\/\/cafecommessias.com.br\/index.php?rest_route=\/wp\/v2\/types\/post"}],"author":[{"embeddable":true,"href":"https:\/\/cafecommessias.com.br\/index.php?rest_route=\/wp\/v2\/users\/1"}],"replies":[{"embeddable":true,"href":"https:\/\/cafecommessias.com.br\/index.php?rest_route=%2Fwp%2Fv2%2Fcomments&post=6703"}],"version-history":[{"count":2,"href":"https:\/\/cafecommessias.com.br\/index.php?rest_route=\/wp\/v2\/posts\/6703\/revisions"}],"predecessor-version":[{"id":6706,"href":"https:\/\/cafecommessias.com.br\/index.php?rest_route=\/wp\/v2\/posts\/6703\/revisions\/6706"}],"wp:featuredmedia":[{"embeddable":true,"href":"https:\/\/cafecommessias.com.br\/index.php?rest_route=\/wp\/v2\/media\/6704"}],"wp:attachment":[{"href":"https:\/\/cafecommessias.com.br\/index.php?rest_route=%2Fwp%2Fv2%2Fmedia&parent=6703"}],"wp:term":[{"taxonomy":"category","embeddable":true,"href":"https:\/\/cafecommessias.com.br\/index.php?rest_route=%2Fwp%2Fv2%2Fcategories&post=6703"},{"taxonomy":"post_tag","embeddable":true,"href":"https:\/\/cafecommessias.com.br\/index.php?rest_route=%2Fwp%2Fv2%2Ftags&post=6703"}],"curies":[{"name":"wp","href":"https:\/\/api.w.org\/{rel}","templated":true}]}}