{"id":6724,"date":"2025-12-18T07:05:10","date_gmt":"2025-12-18T10:05:10","guid":{"rendered":"https:\/\/cafecommessias.com.br\/?p=6724"},"modified":"2025-12-18T07:05:32","modified_gmt":"2025-12-18T10:05:32","slug":"prefeitura-de-joao-camara-abre-credenciamento-para-plantoes-medicos-e-de-enfermagem","status":"publish","type":"post","link":"https:\/\/cafecommessias.com.br\/?p=6724","title":{"rendered":"Prefeitura de Jo\u00e3o C\u00e2mara abre credenciamento para plant\u00f5es m\u00e9dicos e de enfermagem"},"content":{"rendered":"\n<p>A Prefeitura Municipal de Jo\u00e3o C\u00e2mara, por meio da Secretaria Municipal de Sa\u00fade, publicou o&nbsp;<strong>Edital de Credenciamento \u2013 Chamada P\u00fablica n\u00ba 003\/2025<\/strong>, com o objetivo de credenciar empresas especializadas na presta\u00e7\u00e3o de&nbsp;<strong>servi\u00e7os de plant\u00f5es m\u00e9dicos e de enfermagem<\/strong>&nbsp;para atender \u00e0s demandas da rede municipal de sa\u00fade.<\/p>\n\n\n\n<p>A iniciativa visa refor\u00e7ar o atendimento aos usu\u00e1rios do&nbsp;<strong>Sistema \u00danico de Sa\u00fade (SUS)<\/strong>, garantindo a continuidade e a qualidade dos servi\u00e7os prestados \u00e0 popula\u00e7\u00e3o do munic\u00edpio.<\/p>\n\n\n\n<p>Os interessados poder\u00e3o encaminhar os&nbsp;<strong>planos de trabalho e documentos de habilita\u00e7\u00e3o<\/strong>&nbsp;no per\u00edodo&nbsp;<strong>a partir das 8h do dia 18 de dezembro de 2025 at\u00e9 \u00e0s 8h do dia 12 de janeiro de 2026<\/strong>, exclusivamente por meio do site&nbsp;<strong><a>www.portaldecompraspublicas.com.br<\/a><\/strong>.<\/p>\n\n\n\n<p>O edital completo e demais informa\u00e7\u00f5es est\u00e3o dispon\u00edveis no&nbsp;<strong>Setor de Licita\u00e7\u00f5es e Contratos da Prefeitura<\/strong>, localizado na Avenida Jer\u00f4nimo C\u00e2mara, n\u00ba 50, Centro, Jo\u00e3o C\u00e2mara\/RN.<\/p>\n\n\n\n<p><\/p>\n","protected":false},"excerpt":{"rendered":"<p>A Prefeitura Municipal de Jo\u00e3o C\u00e2mara, por meio da Secretaria Municipal de Sa\u00fade, publicou o&nbsp;Edital de Credenciamento \u2013 Chamada P\u00fablica n\u00ba 003\/2025, com o objetivo de credenciar empresas especializadas na presta\u00e7\u00e3o de&nbsp;servi\u00e7os de plant\u00f5es m\u00e9dicos e de enfermagem&nbsp;para atender \u00e0s demandas da rede municipal de sa\u00fade. A iniciativa visa refor\u00e7ar o atendimento aos usu\u00e1rios do&nbsp;Sistema&#8230;<\/p>\n","protected":false},"author":1,"featured_media":6725,"comment_status":"open","ping_status":"closed","sticky":false,"template":"","format":"standard","meta":{"footnotes":""},"categories":[3],"tags":[],"class_list":["post-6724","post","type-post","status-publish","format-standard","has-post-thumbnail","hentry","category-geral"],"_links":{"self":[{"href":"https:\/\/cafecommessias.com.br\/index.php?rest_route=\/wp\/v2\/posts\/6724","targetHints":{"allow":["GET"]}}],"collection":[{"href":"https:\/\/cafecommessias.com.br\/index.php?rest_route=\/wp\/v2\/posts"}],"about":[{"href":"https:\/\/cafecommessias.com.br\/index.php?rest_route=\/wp\/v2\/types\/post"}],"author":[{"embeddable":true,"href":"https:\/\/cafecommessias.com.br\/index.php?rest_route=\/wp\/v2\/users\/1"}],"replies":[{"embeddable":true,"href":"https:\/\/cafecommessias.com.br\/index.php?rest_route=%2Fwp%2Fv2%2Fcomments&post=6724"}],"version-history":[{"count":1,"href":"https:\/\/cafecommessias.com.br\/index.php?rest_route=\/wp\/v2\/posts\/6724\/revisions"}],"predecessor-version":[{"id":6726,"href":"https:\/\/cafecommessias.com.br\/index.php?rest_route=\/wp\/v2\/posts\/6724\/revisions\/6726"}],"wp:featuredmedia":[{"embeddable":true,"href":"https:\/\/cafecommessias.com.br\/index.php?rest_route=\/wp\/v2\/media\/6725"}],"wp:attachment":[{"href":"https:\/\/cafecommessias.com.br\/index.php?rest_route=%2Fwp%2Fv2%2Fmedia&parent=6724"}],"wp:term":[{"taxonomy":"category","embeddable":true,"href":"https:\/\/cafecommessias.com.br\/index.php?rest_route=%2Fwp%2Fv2%2Fcategories&post=6724"},{"taxonomy":"post_tag","embeddable":true,"href":"https:\/\/cafecommessias.com.br\/index.php?rest_route=%2Fwp%2Fv2%2Ftags&post=6724"}],"curies":[{"name":"wp","href":"https:\/\/api.w.org\/{rel}","templated":true}]}}