{"id":676,"date":"2025-07-16T09:45:16","date_gmt":"2025-07-16T12:45:16","guid":{"rendered":"http:\/\/cafecommessias.com.br\/?p=676"},"modified":"2025-07-16T09:45:16","modified_gmt":"2025-07-16T12:45:16","slug":"justica-absolve-ex-senador-jose-agripino-de-acusacao-de-esquema-na-construcao-da-arena-das-dunas","status":"publish","type":"post","link":"https:\/\/cafecommessias.com.br\/?p=676","title":{"rendered":"Justi\u00e7a absolve ex-senador Jos\u00e9 Agripino de acusa\u00e7\u00e3o de esquema na constru\u00e7\u00e3o da Arena das Dunas"},"content":{"rendered":"\n<p>Minist\u00e9rio P\u00fablico Federal (MPF), autor da den\u00fancia contra o ex-senador pelo Rio Grande do Norte, informou que n\u00e3o vai recorrer da decis\u00e3o do TRF5.<\/p>\n\n\n\n<p>O Tribunal Regional Federal da 5\u00aa Regi\u00e3o (TRF-5) confirmou, nesta ter\u00e7a-feira (15), a absolvi\u00e7\u00e3o do ex-senador pelo Rio Grande do Norte Jos\u00e9 Agripino Maia (Uni\u00e3o Brasil) da\u00a0acusa\u00e7\u00e3o de irregularidades na constru\u00e7\u00e3o da Arena das Dunas, em\u00a0Natal, para a Copa do Mundo de 2014.<\/p>\n\n\n\n<figure class=\"wp-block-image size-large\"><img loading=\"lazy\" decoding=\"async\" width=\"1024\" height=\"158\" src=\"http:\/\/cafecommessias.com.br\/wp-content\/uploads\/2025\/07\/Lixo-nas-Ruas_1300x200-4-1024x158.png\" alt=\"\" class=\"wp-image-38\" srcset=\"https:\/\/cafecommessias.com.br\/wp-content\/uploads\/2025\/07\/Lixo-nas-Ruas_1300x200-4-1024x158.png 1024w, https:\/\/cafecommessias.com.br\/wp-content\/uploads\/2025\/07\/Lixo-nas-Ruas_1300x200-4-300x46.png 300w, https:\/\/cafecommessias.com.br\/wp-content\/uploads\/2025\/07\/Lixo-nas-Ruas_1300x200-4-768x118.png 768w, https:\/\/cafecommessias.com.br\/wp-content\/uploads\/2025\/07\/Lixo-nas-Ruas_1300x200-4.png 1300w\" sizes=\"auto, (max-width: 1024px) 100vw, 1024px\" \/><\/figure>\n\n\n\n<p>A decis\u00e3o do TRF5 entendeu que n\u00e3o h\u00e1 provas de interfer\u00eancia pol\u00edtica do ex-parlamentar para a libera\u00e7\u00e3o de recursos federais ou para obten\u00e7\u00e3o de vantagens il\u00edcitas.<\/p>\n\n\n\n<p>A Justi\u00e7a Federal j\u00e1 havia absolvido o ex-senador, mas o caso foi para o TRF5 ap\u00f3s o Minist\u00e9rio P\u00fablico Federal (MPF), respons\u00e1vel pelo den\u00fancia, recorrer.<\/p>\n\n\n\n<p>O MPF informou, dessa vez, que n\u00e3o ir\u00e1 recorrer da senten\u00e7a. Com isso, a decis\u00e3o se torna definitiva e o ex-senador \u00e9 considerado inocente das acusa\u00e7\u00f5es.<\/p>\n\n\n\n<p>Jos\u00e9 Agripino era investigado sob a suspeita de ter se reunido, em maio de 2013, com representantes da construtora da Arena das Dunas e agentes p\u00fablicos para articular a continuidade da libera\u00e7\u00e3o de recursos federais, visando interesses particulares da empreiteira.<\/p>\n\n\n\n<p>No entanto, os desembargadores federais que julgaram o caso consideraram que reuni\u00f5es dessa natureza faziam parte das atribui\u00e7\u00f5es de Agripino como parlamentar, n\u00e3o configurando, assim, atua\u00e7\u00e3o ilegal.<\/p>\n\n\n\n<p><sub>por InterTV Cabugi<\/sub><\/p>\n","protected":false},"excerpt":{"rendered":"<p>Minist\u00e9rio P\u00fablico Federal (MPF), autor da den\u00fancia contra o ex-senador pelo Rio Grande do Norte, informou que n\u00e3o vai recorrer da decis\u00e3o do TRF5. O Tribunal Regional Federal da 5\u00aa Regi\u00e3o (TRF-5) confirmou, nesta ter\u00e7a-feira (15), a absolvi\u00e7\u00e3o do ex-senador pelo Rio Grande do Norte Jos\u00e9 Agripino Maia (Uni\u00e3o Brasil) da\u00a0acusa\u00e7\u00e3o de irregularidades na constru\u00e7\u00e3o&#8230;<\/p>\n","protected":false},"author":1,"featured_media":677,"comment_status":"open","ping_status":"open","sticky":false,"template":"","format":"standard","meta":{"footnotes":""},"categories":[4,5],"tags":[],"class_list":["post-676","post","type-post","status-publish","format-standard","has-post-thumbnail","hentry","category-anuncie-aqui","category-policia"],"_links":{"self":[{"href":"https:\/\/cafecommessias.com.br\/index.php?rest_route=\/wp\/v2\/posts\/676","targetHints":{"allow":["GET"]}}],"collection":[{"href":"https:\/\/cafecommessias.com.br\/index.php?rest_route=\/wp\/v2\/posts"}],"about":[{"href":"https:\/\/cafecommessias.com.br\/index.php?rest_route=\/wp\/v2\/types\/post"}],"author":[{"embeddable":true,"href":"https:\/\/cafecommessias.com.br\/index.php?rest_route=\/wp\/v2\/users\/1"}],"replies":[{"embeddable":true,"href":"https:\/\/cafecommessias.com.br\/index.php?rest_route=%2Fwp%2Fv2%2Fcomments&post=676"}],"version-history":[{"count":1,"href":"https:\/\/cafecommessias.com.br\/index.php?rest_route=\/wp\/v2\/posts\/676\/revisions"}],"predecessor-version":[{"id":678,"href":"https:\/\/cafecommessias.com.br\/index.php?rest_route=\/wp\/v2\/posts\/676\/revisions\/678"}],"wp:featuredmedia":[{"embeddable":true,"href":"https:\/\/cafecommessias.com.br\/index.php?rest_route=\/wp\/v2\/media\/677"}],"wp:attachment":[{"href":"https:\/\/cafecommessias.com.br\/index.php?rest_route=%2Fwp%2Fv2%2Fmedia&parent=676"}],"wp:term":[{"taxonomy":"category","embeddable":true,"href":"https:\/\/cafecommessias.com.br\/index.php?rest_route=%2Fwp%2Fv2%2Fcategories&post=676"},{"taxonomy":"post_tag","embeddable":true,"href":"https:\/\/cafecommessias.com.br\/index.php?rest_route=%2Fwp%2Fv2%2Ftags&post=676"}],"curies":[{"name":"wp","href":"https:\/\/api.w.org\/{rel}","templated":true}]}}