{"id":6783,"date":"2025-12-19T06:41:01","date_gmt":"2025-12-19T09:41:01","guid":{"rendered":"https:\/\/cafecommessias.com.br\/?p=6783"},"modified":"2025-12-19T06:41:35","modified_gmt":"2025-12-19T09:41:35","slug":"pl-da-dosimetria-moraes-teria-sugerido-mudancas-em-texto-que-pode-reduzir-pena-de-bolsonaro-dizem-senadores","status":"publish","type":"post","link":"https:\/\/cafecommessias.com.br\/?p=6783","title":{"rendered":"PL da Dosimetria: Moraes teria sugerido mudan\u00e7as em texto que pode reduzir pena de Bolsonaro, dizem senadores"},"content":{"rendered":"\n<p>A reda\u00e7\u00e3o final do PL da Dosimetria, que tende a reduzir o tempo de Jair Bolsonaro em regime fechado, teria contado com participa\u00e7\u00e3o direta do ministro Alexandre de Moraes. A informa\u00e7\u00e3o foi revelada pelo senador Alessandro Vieira (MDB-SE) durante sess\u00e3o da CCJ e confirmada por outras fontes do Senado. Moraes teria procurado senadores para sugerir ajustes ao texto aprovado pela C\u00e2mara, alegando que n\u00e3o correspondia ao que havia sido acordado previamente com o Supremo.<\/p>\n\n\n\n<p>A informa\u00e7\u00e3o \u00e9 da colunista Malu Gaspar, do jornal O Globo. Entre as mudan\u00e7as defendidas por Moraes, ficou definida a limita\u00e7\u00e3o da redu\u00e7\u00e3o de pena apenas aos condenados pelos atos golpistas de 8 de janeiro, retirando efeitos sobre outros crimes. A sugest\u00e3o apresentada por Sergio Moro (Uni\u00e3o-PR), acatada pelo relator Espiridi\u00e3o Amin (PP-SC), foi tratada como emenda de reda\u00e7\u00e3o, o que permitiu o avan\u00e7o do projeto direto para san\u00e7\u00e3o presidencial.<\/p>\n\n\n\n<p>Durante a discuss\u00e3o, Alessandro Vieira criticou o que chamou de \u201cacordo amplo\u201d envolvendo governo, oposi\u00e7\u00e3o e o ministro do STF. Segundo ele, Moraes atuou para influenciar parlamentares enquanto, publicamente, condenava qualquer flexibiliza\u00e7\u00e3o nas penas dos envolvidos no ataque \u00e0s sedes dos tr\u00eas Poderes.<\/p>\n\n\n\n<p>Nos bastidores, o l\u00edder do governo, Jaques Wagner (PT-BA), tamb\u00e9m articulou o avan\u00e7o do texto em troca de apoio da oposi\u00e7\u00e3o a projetos econ\u00f4micos considerados priorit\u00e1rios. Wagner ainda teria pedido \u201csensibilidade\u201d de oposicionistas para a aprova\u00e7\u00e3o do nome de Jorge Messias ao STF.<\/p>\n\n\n\n<p>Nesta quinta-feira (19), o presidente Lula negou ter conhecimento de qualquer acordo e afirmou que vetar\u00e1 o projeto quando chegar ao Planalto, refor\u00e7ando que os condenados pelos atos antidemocr\u00e1ticos devem \u201cpagar pelo que fizeram contra o pa\u00eds\u201d.<\/p>\n\n\n\n<p><em><sub>Por O Globo<\/sub><\/em><\/p>\n\n\n\n<p><\/p>\n","protected":false},"excerpt":{"rendered":"<p>A reda\u00e7\u00e3o final do PL da Dosimetria, que tende a reduzir o tempo de Jair Bolsonaro em regime fechado, teria contado com participa\u00e7\u00e3o direta do ministro Alexandre de Moraes. A informa\u00e7\u00e3o foi revelada pelo senador Alessandro Vieira (MDB-SE) durante sess\u00e3o da CCJ e confirmada por outras fontes do Senado. Moraes teria procurado senadores para sugerir&#8230;<\/p>\n","protected":false},"author":1,"featured_media":6784,"comment_status":"open","ping_status":"closed","sticky":false,"template":"","format":"standard","meta":{"footnotes":""},"categories":[3],"tags":[],"class_list":["post-6783","post","type-post","status-publish","format-standard","has-post-thumbnail","hentry","category-geral"],"_links":{"self":[{"href":"https:\/\/cafecommessias.com.br\/index.php?rest_route=\/wp\/v2\/posts\/6783","targetHints":{"allow":["GET"]}}],"collection":[{"href":"https:\/\/cafecommessias.com.br\/index.php?rest_route=\/wp\/v2\/posts"}],"about":[{"href":"https:\/\/cafecommessias.com.br\/index.php?rest_route=\/wp\/v2\/types\/post"}],"author":[{"embeddable":true,"href":"https:\/\/cafecommessias.com.br\/index.php?rest_route=\/wp\/v2\/users\/1"}],"replies":[{"embeddable":true,"href":"https:\/\/cafecommessias.com.br\/index.php?rest_route=%2Fwp%2Fv2%2Fcomments&post=6783"}],"version-history":[{"count":1,"href":"https:\/\/cafecommessias.com.br\/index.php?rest_route=\/wp\/v2\/posts\/6783\/revisions"}],"predecessor-version":[{"id":6785,"href":"https:\/\/cafecommessias.com.br\/index.php?rest_route=\/wp\/v2\/posts\/6783\/revisions\/6785"}],"wp:featuredmedia":[{"embeddable":true,"href":"https:\/\/cafecommessias.com.br\/index.php?rest_route=\/wp\/v2\/media\/6784"}],"wp:attachment":[{"href":"https:\/\/cafecommessias.com.br\/index.php?rest_route=%2Fwp%2Fv2%2Fmedia&parent=6783"}],"wp:term":[{"taxonomy":"category","embeddable":true,"href":"https:\/\/cafecommessias.com.br\/index.php?rest_route=%2Fwp%2Fv2%2Fcategories&post=6783"},{"taxonomy":"post_tag","embeddable":true,"href":"https:\/\/cafecommessias.com.br\/index.php?rest_route=%2Fwp%2Fv2%2Ftags&post=6783"}],"curies":[{"name":"wp","href":"https:\/\/api.w.org\/{rel}","templated":true}]}}