{"id":6815,"date":"2025-12-19T09:58:47","date_gmt":"2025-12-19T12:58:47","guid":{"rendered":"https:\/\/cafecommessias.com.br\/?p=6815"},"modified":"2025-12-19T09:59:00","modified_gmt":"2025-12-19T12:59:00","slug":"nova-versao-desmente-denuncia-e-indica-erro-em-acusacao-contra-brisa-bracchi","status":"publish","type":"post","link":"https:\/\/cafecommessias.com.br\/?p=6815","title":{"rendered":"Nova vers\u00e3o desmente den\u00fancia e indica erro em acusa\u00e7\u00e3o contra Brisa Bracchi"},"content":{"rendered":"\n<p>A den\u00fancia que levou o vereador Subtenente Eliabe (PL) a anunciar uma representa\u00e7\u00e3o por quebra de decoro contra a vereadora Brisa Bracchi (PT) sofreu reviravolta nesta quinta-feira (18). Apura\u00e7\u00e3o da imprensa indica que Brisa n\u00e3o esteve em Tibau do Sul no dia citado e que a mulher envolvida na briga na praia de Siba\u00fama n\u00e3o era a parlamentar, mas outra pessoa com apar\u00eancia semelhante.<\/p>\n\n\n\n<p>A mat\u00e9ria \u00e9 do Di\u00e1rio do RN. O caso ganhou repercuss\u00e3o ap\u00f3s Eliabe afirmar em plen\u00e1rio que Brisa teria agredido uma mulher e acionar o Conselho de \u00c9tica da C\u00e2mara de Natal. A vereadora negou a acusa\u00e7\u00e3o, apresentou registros para comprovar que estava em Natal no momento do ocorrido e classificou o boletim de ocorr\u00eancia como \u201ccriminoso\u201d.<\/p>\n\n\n\n<p>A investiga\u00e7\u00e3o jornal\u00edstica aponta que a briga envolveu duas mulheres identificadas como Alice e Raquel \u2014 esta \u00faltima autora da den\u00fancia. Segundo apura\u00e7\u00e3o do rep\u00f3rter Emerson Medeiros, divulgada no programa Clube Natal, Alice teria assumido participa\u00e7\u00e3o no epis\u00f3dio e garante que ir\u00e1 prestar depoimento. A similaridade f\u00edsica entre ela e Brisa teria alimentado a confus\u00e3o e originado a acusa\u00e7\u00e3o.<\/p>\n\n\n\n<p>A apura\u00e7\u00e3o tamb\u00e9m indica que Eliabe levou o caso ao plen\u00e1rio sem checar previamente as informa\u00e7\u00f5es, o que ampliou a repercuss\u00e3o pol\u00edtica do epis\u00f3dio. Agora, a expectativa \u00e9 que o depoimento de Alice \u00e0 Pol\u00edcia Civil esclare\u00e7a os fatos e possa encerrar a den\u00fancia que exp\u00f4s publicamente a vereadora.<\/p>\n\n\n\n<p><em><sub>Por Di\u00e1rio do RN<\/sub><\/em><\/p>\n\n\n\n<p><\/p>\n","protected":false},"excerpt":{"rendered":"<p>A den\u00fancia que levou o vereador Subtenente Eliabe (PL) a anunciar uma representa\u00e7\u00e3o por quebra de decoro contra a vereadora Brisa Bracchi (PT) sofreu reviravolta nesta quinta-feira (18). Apura\u00e7\u00e3o da imprensa indica que Brisa n\u00e3o esteve em Tibau do Sul no dia citado e que a mulher envolvida na briga na praia de Siba\u00fama n\u00e3o&#8230;<\/p>\n","protected":false},"author":1,"featured_media":6816,"comment_status":"open","ping_status":"closed","sticky":false,"template":"","format":"standard","meta":{"footnotes":""},"categories":[6],"tags":[],"class_list":["post-6815","post","type-post","status-publish","format-standard","has-post-thumbnail","hentry","category-politica"],"_links":{"self":[{"href":"https:\/\/cafecommessias.com.br\/index.php?rest_route=\/wp\/v2\/posts\/6815","targetHints":{"allow":["GET"]}}],"collection":[{"href":"https:\/\/cafecommessias.com.br\/index.php?rest_route=\/wp\/v2\/posts"}],"about":[{"href":"https:\/\/cafecommessias.com.br\/index.php?rest_route=\/wp\/v2\/types\/post"}],"author":[{"embeddable":true,"href":"https:\/\/cafecommessias.com.br\/index.php?rest_route=\/wp\/v2\/users\/1"}],"replies":[{"embeddable":true,"href":"https:\/\/cafecommessias.com.br\/index.php?rest_route=%2Fwp%2Fv2%2Fcomments&post=6815"}],"version-history":[{"count":1,"href":"https:\/\/cafecommessias.com.br\/index.php?rest_route=\/wp\/v2\/posts\/6815\/revisions"}],"predecessor-version":[{"id":6817,"href":"https:\/\/cafecommessias.com.br\/index.php?rest_route=\/wp\/v2\/posts\/6815\/revisions\/6817"}],"wp:featuredmedia":[{"embeddable":true,"href":"https:\/\/cafecommessias.com.br\/index.php?rest_route=\/wp\/v2\/media\/6816"}],"wp:attachment":[{"href":"https:\/\/cafecommessias.com.br\/index.php?rest_route=%2Fwp%2Fv2%2Fmedia&parent=6815"}],"wp:term":[{"taxonomy":"category","embeddable":true,"href":"https:\/\/cafecommessias.com.br\/index.php?rest_route=%2Fwp%2Fv2%2Fcategories&post=6815"},{"taxonomy":"post_tag","embeddable":true,"href":"https:\/\/cafecommessias.com.br\/index.php?rest_route=%2Fwp%2Fv2%2Ftags&post=6815"}],"curies":[{"name":"wp","href":"https:\/\/api.w.org\/{rel}","templated":true}]}}