{"id":683,"date":"2025-07-16T10:41:07","date_gmt":"2025-07-16T13:41:07","guid":{"rendered":"http:\/\/cafecommessias.com.br\/?p=683"},"modified":"2025-07-16T10:41:07","modified_gmt":"2025-07-16T13:41:07","slug":"genial-quaest-44-veem-lula-mais-certo-em-embate-com-trump-contra-29-que-pensam-o-mesmo-sobre-o-bolsonarismo","status":"publish","type":"post","link":"https:\/\/cafecommessias.com.br\/?p=683","title":{"rendered":"Genial\/Quaest: 44% veem Lula &#8216;mais certo&#8217; em embate com Trump, contra 29% que pensam o mesmo sobre o bolsonarismo"},"content":{"rendered":"\n<p>Na ter\u00e7a-feira, o governo brasileiro sancionou a Lei da Reciprocidade, que autoriza a ado\u00e7\u00e3o de medidas equivalentes \u00e0s impostas por outros pa\u00edses<\/p>\n\n\n\n<p>A resposta do governo federal \u00e0 tarifa de 50% dos Estados Unidos sobre produtos brasileiros, anunciada pelo presidente\u00a0Donald Trump\u00a0na semana passada, dividiu os brasileiros. Para 44% da popula\u00e7\u00e3o, o presidente Luiz In\u00e1cio\u00a0Lula\u00a0da Silva e o PT est\u00e3o fazendo o que \u00e9,<\/p>\n\n\n\n<p>&#8220;mais certo&#8221; no embate contra o governo americano, enquanto 29% pensam o mesmo sobre\u00a0Jair Bolsonaro\u00a0e aliados. \u00c9 o que mostra pesquisa Genial\/Quaest divulgada nesta quarta-feira.<\/p>\n\n\n\n<p><strong>Veja abaixo os dados da pesquisa:<\/strong><\/p>\n\n\n\n<p>Qual lado est\u00e1 fazendo o que \u00e9 mais certo nesse embate?<\/p>\n\n\n\n<ul class=\"wp-block-list\">\n<li>Lula e o PT: 44%<\/li>\n\n\n\n<li>Bolsonaro e aliados: 29%<\/li>\n\n\n\n<li>Nenhum dos dois: 15%<\/li>\n\n\n\n<li>NS\/NR: 12%<\/li>\n<\/ul>\n\n\n\n<p>A pesquisa ouviu 2.004 brasileiros entre os dias 10 e 14 de julho. A margem de erro \u00e9 de 2 pontos percentuais, e o n\u00edvel de confian\u00e7a \u00e9 95%.<\/p>\n\n\n\n<p>Na ter\u00e7a-feira, o governo brasileiro sancionou a Lei da Reciprocidade,que autoriza a ado\u00e7\u00e3o de medidas equivalentes \u00e0s impostas por outros pa\u00edses. A iniciativa \u00e9 uma resposta ao tarifa\u00e7o anunciado pelo presidente Donald Trump, que amea\u00e7a sobretaxar em at\u00e9 50% produtos brasileiros, como suco de laranja, a\u00e7o e celulose.<\/p>\n\n\n\n<p>Na semana passada, Trump j\u00e1 havia enviado uma carta a Lula, tamb\u00e9m divulgada nas redes, acusando o governo brasileiro de \u201cataques insidiosos\u201d \u00e0 democracia americana. Em resposta, o petista classificou as amea\u00e7as como \u201cdesrespeitosas\u201d e afirmou que a diplomacia n\u00e3o pode ser substitu\u00edda por v\u00eddeos ou postagens na internet. O presidente tamb\u00e9m declarou que o Brasil responder\u00e1 \u201ccom firmeza\u201d a qualquer tentativa de intimida\u00e7\u00e3o ou viola\u00e7\u00e3o de sua soberania.<\/p>\n\n\n\n<p>A resposta do governo brasileiro tem sido pelo caminho do di\u00e1logo. Um comit\u00ea interministerial foi instaurado e promove reuni\u00f5es com empres\u00e1rios do setor privado.<\/p>\n\n\n\n<p><sub>por O Globo<\/sub><\/p>\n\n\n\n<p><\/p>\n","protected":false},"excerpt":{"rendered":"<p>Na ter\u00e7a-feira, o governo brasileiro sancionou a Lei da Reciprocidade, que autoriza a ado\u00e7\u00e3o de medidas equivalentes \u00e0s impostas por outros pa\u00edses A resposta do governo federal \u00e0 tarifa de 50% dos Estados Unidos sobre produtos brasileiros, anunciada pelo presidente\u00a0Donald Trump\u00a0na semana passada, dividiu os brasileiros. Para 44% da popula\u00e7\u00e3o, o presidente Luiz In\u00e1cio\u00a0Lula\u00a0da Silva&#8230;<\/p>\n","protected":false},"author":1,"featured_media":684,"comment_status":"open","ping_status":"open","sticky":false,"template":"","format":"standard","meta":{"footnotes":""},"categories":[6],"tags":[],"class_list":["post-683","post","type-post","status-publish","format-standard","has-post-thumbnail","hentry","category-politica"],"_links":{"self":[{"href":"https:\/\/cafecommessias.com.br\/index.php?rest_route=\/wp\/v2\/posts\/683","targetHints":{"allow":["GET"]}}],"collection":[{"href":"https:\/\/cafecommessias.com.br\/index.php?rest_route=\/wp\/v2\/posts"}],"about":[{"href":"https:\/\/cafecommessias.com.br\/index.php?rest_route=\/wp\/v2\/types\/post"}],"author":[{"embeddable":true,"href":"https:\/\/cafecommessias.com.br\/index.php?rest_route=\/wp\/v2\/users\/1"}],"replies":[{"embeddable":true,"href":"https:\/\/cafecommessias.com.br\/index.php?rest_route=%2Fwp%2Fv2%2Fcomments&post=683"}],"version-history":[{"count":1,"href":"https:\/\/cafecommessias.com.br\/index.php?rest_route=\/wp\/v2\/posts\/683\/revisions"}],"predecessor-version":[{"id":685,"href":"https:\/\/cafecommessias.com.br\/index.php?rest_route=\/wp\/v2\/posts\/683\/revisions\/685"}],"wp:featuredmedia":[{"embeddable":true,"href":"https:\/\/cafecommessias.com.br\/index.php?rest_route=\/wp\/v2\/media\/684"}],"wp:attachment":[{"href":"https:\/\/cafecommessias.com.br\/index.php?rest_route=%2Fwp%2Fv2%2Fmedia&parent=683"}],"wp:term":[{"taxonomy":"category","embeddable":true,"href":"https:\/\/cafecommessias.com.br\/index.php?rest_route=%2Fwp%2Fv2%2Fcategories&post=683"},{"taxonomy":"post_tag","embeddable":true,"href":"https:\/\/cafecommessias.com.br\/index.php?rest_route=%2Fwp%2Fv2%2Ftags&post=683"}],"curies":[{"name":"wp","href":"https:\/\/api.w.org\/{rel}","templated":true}]}}