{"id":6833,"date":"2025-12-19T20:56:10","date_gmt":"2025-12-19T23:56:10","guid":{"rendered":"https:\/\/cafecommessias.com.br\/?p=6833"},"modified":"2025-12-19T20:56:28","modified_gmt":"2025-12-19T23:56:28","slug":"lulinha-vice-lider-do-pt-no-senado-e-alvos-da-pf-tem-convocacao-protocolada-pela-cpmi-do-inss","status":"publish","type":"post","link":"https:\/\/cafecommessias.com.br\/?p=6833","title":{"rendered":"Lulinha, vice-l\u00edder do PT no Senado e alvos da PF t\u00eam convoca\u00e7\u00e3o protocolada pela CPMI do INSS"},"content":{"rendered":"\n<p>O relator da CPMI do INSS, deputado Alfredo Gaspar (Uni\u00e3o-AL), protocolou nesta sexta-feira (19) pedidos de convoca\u00e7\u00e3o de F\u00e1bio Luis Lula da Silva, o Lulinha; do senador Weverton Rocha (PDT-MA), vice-l\u00edder do Governo no Senado e de outros investigados pela opera\u00e7\u00e3o Sem Desconto da Pol\u00edcia Federal, deflagrada na quinta-feira (18). A inten\u00e7\u00e3o \u00e9 trazer novamente os alvos da PF para prestar esclarecimentos \u00e0 comiss\u00e3o.<\/p>\n\n\n\n<p>O nome de Lulinha voltou \u00e0 mira da CPMI ap\u00f3s nova fase da opera\u00e7\u00e3o atingir Roberta Luchsinger, amiga do filho do presidente Lula. Segundo a PF, foi paga uma mesada de R$ 300 mil a uma empresa de Luchsinger, refer\u00eancia a \u201co filho do rapaz\u201d em mensagens, sem detalhar quem seria.<\/p>\n\n\n\n<p>Gaspar tamb\u00e9m pediu a convoca\u00e7\u00e3o de Danielle Fontenelles, radicada em Portugal, que atuou em campanhas do PT e teve a ag\u00eancia Pepper investigada por repasse de caixa dois.<\/p>\n\n\n\n<p>Entre os convocados est\u00e1 tamb\u00e9m Adroaldo da Cunha Portal, ex-secret\u00e1rio-executivo do Minist\u00e9rio da Previd\u00eancia, exonerado ap\u00f3s ser preso na opera\u00e7\u00e3o, e Gustavo Marques Gaspar, ex-assessor de Rocha, apontado como respons\u00e1vel por assinar procura\u00e7\u00e3o dando poderes a Rubens Oliveira Costa, o \u201chomem da mala\u201d do chamado \u201ccareca do INSS\u201d.<\/p>\n\n\n\n<p>\u201cTodos esses personagens, em algum momento do meu trabalho na relatoria, apareceram. A maioria j\u00e1 tinha pedido de convoca\u00e7\u00e3o e at\u00e9 de pris\u00e3o, mas foram blindados por parte do governo\u201d, afirmou Gaspar \u00e0 CNN Brasil, criticando a prote\u00e7\u00e3o da base governista durante os trabalhos da comiss\u00e3o.<\/p>\n\n\n\n<p><\/p>\n","protected":false},"excerpt":{"rendered":"<p>O relator da CPMI do INSS, deputado Alfredo Gaspar (Uni\u00e3o-AL), protocolou nesta sexta-feira (19) pedidos de convoca\u00e7\u00e3o de F\u00e1bio Luis Lula da Silva, o Lulinha; do senador Weverton Rocha (PDT-MA), vice-l\u00edder do Governo no Senado e de outros investigados pela opera\u00e7\u00e3o Sem Desconto da Pol\u00edcia Federal, deflagrada na quinta-feira (18). A inten\u00e7\u00e3o \u00e9 trazer novamente&#8230;<\/p>\n","protected":false},"author":1,"featured_media":0,"comment_status":"open","ping_status":"closed","sticky":false,"template":"","format":"standard","meta":{"footnotes":""},"categories":[3],"tags":[],"class_list":["post-6833","post","type-post","status-publish","format-standard","hentry","category-geral"],"_links":{"self":[{"href":"https:\/\/cafecommessias.com.br\/index.php?rest_route=\/wp\/v2\/posts\/6833","targetHints":{"allow":["GET"]}}],"collection":[{"href":"https:\/\/cafecommessias.com.br\/index.php?rest_route=\/wp\/v2\/posts"}],"about":[{"href":"https:\/\/cafecommessias.com.br\/index.php?rest_route=\/wp\/v2\/types\/post"}],"author":[{"embeddable":true,"href":"https:\/\/cafecommessias.com.br\/index.php?rest_route=\/wp\/v2\/users\/1"}],"replies":[{"embeddable":true,"href":"https:\/\/cafecommessias.com.br\/index.php?rest_route=%2Fwp%2Fv2%2Fcomments&post=6833"}],"version-history":[{"count":1,"href":"https:\/\/cafecommessias.com.br\/index.php?rest_route=\/wp\/v2\/posts\/6833\/revisions"}],"predecessor-version":[{"id":6834,"href":"https:\/\/cafecommessias.com.br\/index.php?rest_route=\/wp\/v2\/posts\/6833\/revisions\/6834"}],"wp:attachment":[{"href":"https:\/\/cafecommessias.com.br\/index.php?rest_route=%2Fwp%2Fv2%2Fmedia&parent=6833"}],"wp:term":[{"taxonomy":"category","embeddable":true,"href":"https:\/\/cafecommessias.com.br\/index.php?rest_route=%2Fwp%2Fv2%2Fcategories&post=6833"},{"taxonomy":"post_tag","embeddable":true,"href":"https:\/\/cafecommessias.com.br\/index.php?rest_route=%2Fwp%2Fv2%2Ftags&post=6833"}],"curies":[{"name":"wp","href":"https:\/\/api.w.org\/{rel}","templated":true}]}}