{"id":6848,"date":"2025-12-19T21:16:42","date_gmt":"2025-12-20T00:16:42","guid":{"rendered":"https:\/\/cafecommessias.com.br\/?p=6848"},"modified":"2025-12-19T21:16:58","modified_gmt":"2025-12-20T00:16:58","slug":"mprn-obtem-condenacao-de-ex-prefeita-e-outros-oito-envolvidos-em-esquema-de-desvio-em-santana-do-matos","status":"publish","type":"post","link":"https:\/\/cafecommessias.com.br\/?p=6848","title":{"rendered":"MPRN obt\u00e9m condena\u00e7\u00e3o de ex-prefeita e outros oito envolvidos em esquema de desvio em Santana do Matos"},"content":{"rendered":"\n<p>O Minist\u00e9rio P\u00fablico do Rio Grande do Norte obteve na Justi\u00e7a a condena\u00e7\u00e3o da ex-prefeita de Santana do Matos, Lardjane Cir\u00edaco de Ara\u00fajo Macedo, e de outros oito r\u00e9us por atos de improbidade administrativa.<\/p>\n\n\n\n<p>A decis\u00e3o judicial \u00e9 fundamentada em investiga\u00e7\u00f5es que apontaram o desvio de recursos p\u00fablicos por meio de contratos fraudulentos para manuten\u00e7\u00e3o da frota de ve\u00edculos do munic\u00edpio. O valor total da les\u00e3o ao patrim\u00f4nio p\u00fablico foi calculado em R$ 186.227,16, montante que dever\u00e1 ser ressarcido aos cofres municipais.<\/p>\n\n\n\n<p>O esquema funcionava atrav\u00e9s da simula\u00e7\u00e3o de consertos e do fornecimento de pe\u00e7as para autom\u00f3veis oficiais que nunca eram efetivamente entregues ou realizados.<\/p>\n\n\n\n<p>Para viabilizar os pagamentos il\u00edcitos, os envolvidos inseriam declara\u00e7\u00f5es falsas em documentos p\u00fablicos e notas fiscais, al\u00e9m de superfaturar os pre\u00e7os dos servi\u00e7os em at\u00e9 40%. Parte do dinheiro recebido pela empresa contratada era devolvido aos servidores municipais e \u00e0 ent\u00e3o prefeita em forma de transfer\u00eancias banc\u00e1rias ou entregas de dinheiro em esp\u00e9cie.<\/p>\n\n\n\n<p>A ex-prefeita Lardjane Macedo foi condenada \u00e0 suspens\u00e3o dos direitos pol\u00edticos por seis anos e devolu\u00e7\u00e3o do dinheiro que recebeu diretamente como vantagem indevida. A senten\u00e7a tamb\u00e9m imp\u00f5e a ela o pagamento de multa civil equivalente a duas vezes o valor do acr\u00e9scimo patrimonial il\u00edcito e a proibi\u00e7\u00e3o de contratar com o Poder P\u00fablico pelo mesmo per\u00edodo. A Justi\u00e7a considerou comprovado o dolo na conduta da gestora ao negociar pessoalmente o recebimento de propina na sede da empresa beneficiada.<\/p>\n\n\n\n<p>Entre os servidores condenados est\u00e3o a ex-secret\u00e1ria de finan\u00e7as Hosana Batista da Cunha Ara\u00fajo e o coordenador de transportes Luelker Martins de Oliveira, que dever\u00e3o devolver dinheiro ao er\u00e1rio e tiveram os direitos pol\u00edticos suspensos.<\/p>\n\n\n\n<p>Tamb\u00e9m foram condenados controlador do munic\u00edpio, Wesclei Silva Martins; e as servidoras Wilka Sibele de Sousa Barbosa e Francisca Floripe de Macedo.<\/p>\n\n\n\n<p>Os empres\u00e1rios Jos\u00e9 Vieira de Medeiros Filho e Maria das Vit\u00f3rias de Medeiros foram sentenciados ao ressarcimento integral e solid\u00e1rio do dano de R$ 186.227,16 reais. A decis\u00e3o tamb\u00e9m determinou que cada um pague uma multa civil no mesmo valor do preju\u00edzo causado ao er\u00e1rio.<\/p>\n\n\n\n<p>Por fim, Etelvino Batista da Cunha J\u00fanior, irm\u00e3o da ex-secret\u00e1ria, foi condenado por atuar como intermedi\u00e1rio no repasse de valores il\u00edcitos. A Justi\u00e7a considerou que sua participa\u00e7\u00e3o foi consciente para dissimular o caminho do dinheiro p\u00fablico desviado at\u00e9 os agentes municipais.<\/p>\n\n\n\n<p>A senten\u00e7a aplicou as novas regras da Lei de Improbidade Administrativa, exigindo a comprova\u00e7\u00e3o de dolo para as condena\u00e7\u00f5es. Os valores recuperados dever\u00e3o ser destinados ao munic\u00edpio de Santana do Matos com as devidas corre\u00e7\u00f5es monet\u00e1rias e juros.<\/p>\n\n\n\n<p><em><sub>Fonte:\u00a0MPRN<\/sub><\/em><\/p>\n\n\n\n<p><\/p>\n","protected":false},"excerpt":{"rendered":"<p>O Minist\u00e9rio P\u00fablico do Rio Grande do Norte obteve na Justi\u00e7a a condena\u00e7\u00e3o da ex-prefeita de Santana do Matos, Lardjane Cir\u00edaco de Ara\u00fajo Macedo, e de outros oito r\u00e9us por atos de improbidade administrativa. A decis\u00e3o judicial \u00e9 fundamentada em investiga\u00e7\u00f5es que apontaram o desvio de recursos p\u00fablicos por meio de contratos fraudulentos para manuten\u00e7\u00e3o&#8230;<\/p>\n","protected":false},"author":1,"featured_media":6849,"comment_status":"open","ping_status":"closed","sticky":false,"template":"","format":"standard","meta":{"footnotes":""},"categories":[3],"tags":[],"class_list":["post-6848","post","type-post","status-publish","format-standard","has-post-thumbnail","hentry","category-geral"],"_links":{"self":[{"href":"https:\/\/cafecommessias.com.br\/index.php?rest_route=\/wp\/v2\/posts\/6848","targetHints":{"allow":["GET"]}}],"collection":[{"href":"https:\/\/cafecommessias.com.br\/index.php?rest_route=\/wp\/v2\/posts"}],"about":[{"href":"https:\/\/cafecommessias.com.br\/index.php?rest_route=\/wp\/v2\/types\/post"}],"author":[{"embeddable":true,"href":"https:\/\/cafecommessias.com.br\/index.php?rest_route=\/wp\/v2\/users\/1"}],"replies":[{"embeddable":true,"href":"https:\/\/cafecommessias.com.br\/index.php?rest_route=%2Fwp%2Fv2%2Fcomments&post=6848"}],"version-history":[{"count":1,"href":"https:\/\/cafecommessias.com.br\/index.php?rest_route=\/wp\/v2\/posts\/6848\/revisions"}],"predecessor-version":[{"id":6850,"href":"https:\/\/cafecommessias.com.br\/index.php?rest_route=\/wp\/v2\/posts\/6848\/revisions\/6850"}],"wp:featuredmedia":[{"embeddable":true,"href":"https:\/\/cafecommessias.com.br\/index.php?rest_route=\/wp\/v2\/media\/6849"}],"wp:attachment":[{"href":"https:\/\/cafecommessias.com.br\/index.php?rest_route=%2Fwp%2Fv2%2Fmedia&parent=6848"}],"wp:term":[{"taxonomy":"category","embeddable":true,"href":"https:\/\/cafecommessias.com.br\/index.php?rest_route=%2Fwp%2Fv2%2Fcategories&post=6848"},{"taxonomy":"post_tag","embeddable":true,"href":"https:\/\/cafecommessias.com.br\/index.php?rest_route=%2Fwp%2Fv2%2Ftags&post=6848"}],"curies":[{"name":"wp","href":"https:\/\/api.w.org\/{rel}","templated":true}]}}