{"id":6885,"date":"2025-12-20T08:46:13","date_gmt":"2025-12-20T11:46:13","guid":{"rendered":"https:\/\/cafecommessias.com.br\/?p=6885"},"modified":"2025-12-20T08:46:28","modified_gmt":"2025-12-20T11:46:28","slug":"provas-derrubam-acusacao-de-eliabe-contra-brisa-e-vereador-pode-responder-por-denunciacao-caluniosa","status":"publish","type":"post","link":"https:\/\/cafecommessias.com.br\/?p=6885","title":{"rendered":"Provas derrubam acusa\u00e7\u00e3o de Eliabe contra Brisa, e vereador pode responder por denuncia\u00e7\u00e3o caluniosa"},"content":{"rendered":"\n<p>Novos desdobramentos fragilizam a acusa\u00e7\u00e3o feita pelo vereador Subtenente Eliabe (PL) contra a vereadora Brisa Bracchi (PT), apontada por ele como autora de uma agress\u00e3o em Tibau do Sul no \u00faltimo dia 5. A den\u00fancia, apresentada no plen\u00e1rio da C\u00e2mara de Natal com base em um boletim de ocorr\u00eancia, pode agora se voltar contra o pr\u00f3prio parlamentar, que pode responder por denuncia\u00e7\u00e3o caluniosa caso fique comprovado que agiu para imputar falsamente um crime \u00e0 colega.<\/p>\n\n\n\n<p>Brisa apresentou documentos que mostram que ela esteve em Natal durante todo o dia: pela manh\u00e3, participou de sess\u00e3o na C\u00e2mara; \u00e0 tarde, esteve em reuni\u00e3o com o secret\u00e1rio municipal de Turismo; e ainda abasteceu o carro em um posto da capital \u00e0s 14h58. A vereadora registrou um boletim de ocorr\u00eancia contra Raquel de Carvalho Silva, autora do BO inicial, e afirma que Eliabe incentivou a falsa acusa\u00e7\u00e3o.<\/p>\n\n\n\n<p>A apura\u00e7\u00e3o do rep\u00f3rter Emerson Medeiros, da r\u00e1dio Clube FM, aponta que a briga em Tibau do Sul realmente aconteceu, mas entre outras duas mulheres, uma delas chamada Alice, que teria semelhan\u00e7a f\u00edsica com Brisa. Ainda segundo Medeiros, a verdadeira agressora est\u00e1 viajando, mas deve prestar depoimento \u00e0 Pol\u00edcia Civil. A confus\u00e3o teria come\u00e7ado ap\u00f3s provoca\u00e7\u00f5es de Raquel \u00e0 m\u00e3e da vereadora, que atua na gest\u00e3o de uma biblioteca social na cidade.<\/p>\n\n\n\n<p>Brisa afirma que a den\u00fancia \u00e9 parte de uma persegui\u00e7\u00e3o pol\u00edtica e disse que adotar\u00e1 todas as medidas legais. A parlamentar chamou Eliabe de \u201cmentiroso e calunioso\u201d no plen\u00e1rio e prometeu acion\u00e1-lo na Justi\u00e7a. Se confirmado que o vereador ajudou a sustentar a acusa\u00e7\u00e3o sem provas, ele pode responder criminalmente por denuncia\u00e7\u00e3o caluniosa ou falsa comunica\u00e7\u00e3o de crime.<\/p>\n\n\n\n<p><em><sub>Por Agora RN<\/sub><\/em><\/p>\n\n\n\n<p><\/p>\n","protected":false},"excerpt":{"rendered":"<p>Novos desdobramentos fragilizam a acusa\u00e7\u00e3o feita pelo vereador Subtenente Eliabe (PL) contra a vereadora Brisa Bracchi (PT), apontada por ele como autora de uma agress\u00e3o em Tibau do Sul no \u00faltimo dia 5. A den\u00fancia, apresentada no plen\u00e1rio da C\u00e2mara de Natal com base em um boletim de ocorr\u00eancia, pode agora se voltar contra o&#8230;<\/p>\n","protected":false},"author":1,"featured_media":6886,"comment_status":"open","ping_status":"closed","sticky":false,"template":"","format":"standard","meta":{"footnotes":""},"categories":[3],"tags":[],"class_list":["post-6885","post","type-post","status-publish","format-standard","has-post-thumbnail","hentry","category-geral"],"_links":{"self":[{"href":"https:\/\/cafecommessias.com.br\/index.php?rest_route=\/wp\/v2\/posts\/6885","targetHints":{"allow":["GET"]}}],"collection":[{"href":"https:\/\/cafecommessias.com.br\/index.php?rest_route=\/wp\/v2\/posts"}],"about":[{"href":"https:\/\/cafecommessias.com.br\/index.php?rest_route=\/wp\/v2\/types\/post"}],"author":[{"embeddable":true,"href":"https:\/\/cafecommessias.com.br\/index.php?rest_route=\/wp\/v2\/users\/1"}],"replies":[{"embeddable":true,"href":"https:\/\/cafecommessias.com.br\/index.php?rest_route=%2Fwp%2Fv2%2Fcomments&post=6885"}],"version-history":[{"count":1,"href":"https:\/\/cafecommessias.com.br\/index.php?rest_route=\/wp\/v2\/posts\/6885\/revisions"}],"predecessor-version":[{"id":6887,"href":"https:\/\/cafecommessias.com.br\/index.php?rest_route=\/wp\/v2\/posts\/6885\/revisions\/6887"}],"wp:featuredmedia":[{"embeddable":true,"href":"https:\/\/cafecommessias.com.br\/index.php?rest_route=\/wp\/v2\/media\/6886"}],"wp:attachment":[{"href":"https:\/\/cafecommessias.com.br\/index.php?rest_route=%2Fwp%2Fv2%2Fmedia&parent=6885"}],"wp:term":[{"taxonomy":"category","embeddable":true,"href":"https:\/\/cafecommessias.com.br\/index.php?rest_route=%2Fwp%2Fv2%2Fcategories&post=6885"},{"taxonomy":"post_tag","embeddable":true,"href":"https:\/\/cafecommessias.com.br\/index.php?rest_route=%2Fwp%2Fv2%2Ftags&post=6885"}],"curies":[{"name":"wp","href":"https:\/\/api.w.org\/{rel}","templated":true}]}}