{"id":6891,"date":"2025-12-20T08:51:43","date_gmt":"2025-12-20T11:51:43","guid":{"rendered":"https:\/\/cafecommessias.com.br\/?p=6891"},"modified":"2025-12-20T08:52:03","modified_gmt":"2025-12-20T11:52:03","slug":"pf-aperta-cerco-e-oposicao-diz-que-caso-lulinha-leva-investigacao-ao-nucleo-do-governo","status":"publish","type":"post","link":"https:\/\/cafecommessias.com.br\/?p=6891","title":{"rendered":"PF aperta cerco e oposi\u00e7\u00e3o diz que caso Lulinha leva investiga\u00e7\u00e3o ao \u201cn\u00facleo do governo\u201d"},"content":{"rendered":"\n<p>A nova fase da Opera\u00e7\u00e3o Sem Desconto, que envolveu o filho do presidente Lula, F\u00e1bio Lu\u00eds Lula da Silva, o Lulinha; a empres\u00e1ria Roberta Luchsinger; e o senador Weverton Rocha (PDT-MA), vice-l\u00edder do governo no Senado, acendeu o alerta na oposi\u00e7\u00e3o. Parlamentares afirmam que a investiga\u00e7\u00e3o sobre fraudes no INSS agora chega ao \u201cn\u00facleo duro\u201d do governo federal. \u201cFica evidente que as investiga\u00e7\u00f5es se aproximam do n\u00facleo duro do governo. Esse roteiro n\u00e3o \u00e9 novidade\u201d, declarou o deputado Rodolfo Nogueira (PL-MS).<\/p>\n\n\n\n<p>Os citados passaram a ser alvo de requerimentos na CPMI que apura irregularidades no INSS, e o relator do colegiado, Alfredo Gaspar (Uni\u00e3o-AL), pediu a convoca\u00e7\u00e3o dos envolvidos. Deputados oposicionistas afirmam que mensagens encontradas pela PF refor\u00e7am a suspeita de liga\u00e7\u00e3o com o esquema.<\/p>\n\n\n\n<p>Para Marcel van Hatten (Novo-SC), as refer\u00eancias a Lulinha \u201cs\u00e3o provas de que o filho de Lula est\u00e1 implicado neste esc\u00e2ndalo\u201d. Deputados Zucco (PL-RS) e Capit\u00e3o Alden (PL-BA) tamb\u00e9m cobram o avan\u00e7o das oitivas sobre os nomes ligados ao Planalto.<\/p>\n\n\n\n<p>O deputado Rodrigo da Zaeli (PL-MT) avalia que a investiga\u00e7\u00e3o \u201cvai chegar no n\u00facleo mais \u00edntimo do presidente\u201d, citando o filho e a nora de Lula, mas diz acreditar que o processo enfrentar\u00e1 barreiras no STF. At\u00e9 o momento, Lulinha n\u00e3o \u00e9 alvo formal do inqu\u00e9rito, e o governo n\u00e3o comentou as declara\u00e7\u00f5es.<\/p>\n\n\n\n<p><em><sub>Por Di\u00e1rio do Poder<\/sub><\/em><\/p>\n\n\n\n<p class=\"has-text-align-center\"><strong><em>PUBLICIDADE<\/em><\/strong><\/p>\n\n\n\n<figure class=\"wp-block-image size-large\"><img decoding=\"async\" src=\"https:\/\/cafecommessias.com.br\/wp-content\/uploads\/2025\/12\/Banner-IPTU-1190x250px.gif\" alt=\"\"\/><\/figure>\n","protected":false},"excerpt":{"rendered":"<p>A nova fase da Opera\u00e7\u00e3o Sem Desconto, que envolveu o filho do presidente Lula, F\u00e1bio Lu\u00eds Lula da Silva, o Lulinha; a empres\u00e1ria Roberta Luchsinger; e o senador Weverton Rocha (PDT-MA), vice-l\u00edder do governo no Senado, acendeu o alerta na oposi\u00e7\u00e3o. Parlamentares afirmam que a investiga\u00e7\u00e3o sobre fraudes no INSS agora chega ao \u201cn\u00facleo duro\u201d&#8230;<\/p>\n","protected":false},"author":1,"featured_media":6892,"comment_status":"open","ping_status":"closed","sticky":false,"template":"","format":"standard","meta":{"footnotes":""},"categories":[4,3],"tags":[],"class_list":["post-6891","post","type-post","status-publish","format-standard","has-post-thumbnail","hentry","category-anuncie-aqui","category-geral"],"_links":{"self":[{"href":"https:\/\/cafecommessias.com.br\/index.php?rest_route=\/wp\/v2\/posts\/6891","targetHints":{"allow":["GET"]}}],"collection":[{"href":"https:\/\/cafecommessias.com.br\/index.php?rest_route=\/wp\/v2\/posts"}],"about":[{"href":"https:\/\/cafecommessias.com.br\/index.php?rest_route=\/wp\/v2\/types\/post"}],"author":[{"embeddable":true,"href":"https:\/\/cafecommessias.com.br\/index.php?rest_route=\/wp\/v2\/users\/1"}],"replies":[{"embeddable":true,"href":"https:\/\/cafecommessias.com.br\/index.php?rest_route=%2Fwp%2Fv2%2Fcomments&post=6891"}],"version-history":[{"count":1,"href":"https:\/\/cafecommessias.com.br\/index.php?rest_route=\/wp\/v2\/posts\/6891\/revisions"}],"predecessor-version":[{"id":6893,"href":"https:\/\/cafecommessias.com.br\/index.php?rest_route=\/wp\/v2\/posts\/6891\/revisions\/6893"}],"wp:featuredmedia":[{"embeddable":true,"href":"https:\/\/cafecommessias.com.br\/index.php?rest_route=\/wp\/v2\/media\/6892"}],"wp:attachment":[{"href":"https:\/\/cafecommessias.com.br\/index.php?rest_route=%2Fwp%2Fv2%2Fmedia&parent=6891"}],"wp:term":[{"taxonomy":"category","embeddable":true,"href":"https:\/\/cafecommessias.com.br\/index.php?rest_route=%2Fwp%2Fv2%2Fcategories&post=6891"},{"taxonomy":"post_tag","embeddable":true,"href":"https:\/\/cafecommessias.com.br\/index.php?rest_route=%2Fwp%2Fv2%2Ftags&post=6891"}],"curies":[{"name":"wp","href":"https:\/\/api.w.org\/{rel}","templated":true}]}}