{"id":6906,"date":"2025-12-20T14:54:21","date_gmt":"2025-12-20T17:54:21","guid":{"rendered":"https:\/\/cafecommessias.com.br\/?p=6906"},"modified":"2025-12-20T14:54:33","modified_gmt":"2025-12-20T17:54:33","slug":"justica-reconhece-dilma-rousseff-como-anistiada-determina-indenizacao-de-r-400-mil-por-danos-morais-alem-de-reparacao-economica-mensal","status":"publish","type":"post","link":"https:\/\/cafecommessias.com.br\/?p=6906","title":{"rendered":"Justi\u00e7a reconhece Dilma Rousseff como anistiada, determina indeniza\u00e7\u00e3o de R$ 400 mil por danos morais, al\u00e9m de repara\u00e7\u00e3o econ\u00f4mica mensal"},"content":{"rendered":"\n<p>O Tribunal Regional Federal da 1\u00aa Regi\u00e3o (TRF-1) reconheceu, por unanimidade, a ex-presidente Dilma Rousseff como anistiada pol\u00edtica e determinou o pagamento de indeniza\u00e7\u00e3o de R$ 400 mil por danos morais, al\u00e9m de repara\u00e7\u00e3o econ\u00f4mica mensal, permanente e continuada.<\/p>\n\n\n\n<p>O valor da repara\u00e7\u00e3o mensal ainda ser\u00e1 definido na fase de liquida\u00e7\u00e3o, observada a prescri\u00e7\u00e3o quinquenal e os par\u00e2metros salariais da \u00e9poca.<\/p>\n\n\n\n<p>A decis\u00e3o reformou parcialmente uma senten\u00e7a anterior, que havia limitado a compensa\u00e7\u00e3o a um pagamento \u00fanico. Para o colegiado, Dilma foi v\u00edtima de persegui\u00e7\u00e3o pol\u00edtica durante a ditadura militar, per\u00edodo em que foi presa e submetida a torturas f\u00edsicas e psicol\u00f3gicas.<\/p>\n\n\n\n<p>Embora a condi\u00e7\u00e3o de anistiada j\u00e1 tivesse sido reconhecida pela Comiss\u00e3o de Anistia na esfera administrativa, o processo judicial discutia o tipo de repara\u00e7\u00e3o cab\u00edvel.<\/p>\n\n\n\n<p>Os desembargadores conclu\u00edram que a Lei da Anistia garante o pagamento mensal, calculado com base na remunera\u00e7\u00e3o que Dilma recebia antes da interrup\u00e7\u00e3o de sua carreira.<\/p>\n\n\n\n<p>Relator do caso, o desembargador Jo\u00e3o Carlos Mayer Soares afirmou que os atos sofridos pela ex-presidente provocaram sequelas f\u00edsicas e abalos psicol\u00f3gicos duradouros, o que justifica a indeniza\u00e7\u00e3o por danos morais.<\/p>\n","protected":false},"excerpt":{"rendered":"<p>O Tribunal Regional Federal da 1\u00aa Regi\u00e3o (TRF-1) reconheceu, por unanimidade, a ex-presidente Dilma Rousseff como anistiada pol\u00edtica e determinou o pagamento de indeniza\u00e7\u00e3o de R$ 400 mil por danos morais, al\u00e9m de repara\u00e7\u00e3o econ\u00f4mica mensal, permanente e continuada. O valor da repara\u00e7\u00e3o mensal ainda ser\u00e1 definido na fase de liquida\u00e7\u00e3o, observada a prescri\u00e7\u00e3o quinquenal&#8230;<\/p>\n","protected":false},"author":1,"featured_media":6907,"comment_status":"open","ping_status":"closed","sticky":false,"template":"","format":"standard","meta":{"footnotes":""},"categories":[3],"tags":[],"class_list":["post-6906","post","type-post","status-publish","format-standard","has-post-thumbnail","hentry","category-geral"],"_links":{"self":[{"href":"https:\/\/cafecommessias.com.br\/index.php?rest_route=\/wp\/v2\/posts\/6906","targetHints":{"allow":["GET"]}}],"collection":[{"href":"https:\/\/cafecommessias.com.br\/index.php?rest_route=\/wp\/v2\/posts"}],"about":[{"href":"https:\/\/cafecommessias.com.br\/index.php?rest_route=\/wp\/v2\/types\/post"}],"author":[{"embeddable":true,"href":"https:\/\/cafecommessias.com.br\/index.php?rest_route=\/wp\/v2\/users\/1"}],"replies":[{"embeddable":true,"href":"https:\/\/cafecommessias.com.br\/index.php?rest_route=%2Fwp%2Fv2%2Fcomments&post=6906"}],"version-history":[{"count":1,"href":"https:\/\/cafecommessias.com.br\/index.php?rest_route=\/wp\/v2\/posts\/6906\/revisions"}],"predecessor-version":[{"id":6908,"href":"https:\/\/cafecommessias.com.br\/index.php?rest_route=\/wp\/v2\/posts\/6906\/revisions\/6908"}],"wp:featuredmedia":[{"embeddable":true,"href":"https:\/\/cafecommessias.com.br\/index.php?rest_route=\/wp\/v2\/media\/6907"}],"wp:attachment":[{"href":"https:\/\/cafecommessias.com.br\/index.php?rest_route=%2Fwp%2Fv2%2Fmedia&parent=6906"}],"wp:term":[{"taxonomy":"category","embeddable":true,"href":"https:\/\/cafecommessias.com.br\/index.php?rest_route=%2Fwp%2Fv2%2Fcategories&post=6906"},{"taxonomy":"post_tag","embeddable":true,"href":"https:\/\/cafecommessias.com.br\/index.php?rest_route=%2Fwp%2Fv2%2Ftags&post=6906"}],"curies":[{"name":"wp","href":"https:\/\/api.w.org\/{rel}","templated":true}]}}