{"id":6929,"date":"2025-12-20T19:02:29","date_gmt":"2025-12-20T22:02:29","guid":{"rendered":"https:\/\/cafecommessias.com.br\/?p=6929"},"modified":"2025-12-20T19:02:45","modified_gmt":"2025-12-20T22:02:45","slug":"equipe-juridica-de-bolsonaro-negocia-com-medicos-data-de-cirurgia-autorizada-pelo-stf","status":"publish","type":"post","link":"https:\/\/cafecommessias.com.br\/?p=6929","title":{"rendered":"Equipe jur\u00eddica de Bolsonaro negocia com m\u00e9dicos data de cirurgia autorizada pelo STF"},"content":{"rendered":"\n<p>A defesa do ex-presidente Jair Bolsonaro (PL) informou \u00e0 CNN que ainda n\u00e3o enviou ao Supremo Tribunal Federal (STF) a data de cirurgia de h\u00e9rnia porque a equipe jur\u00eddica est\u00e1 em contato com os m\u00e9dicos para definir o melhor dia para a realiza\u00e7\u00e3o do procedimento.De acordo com a per\u00edcia m\u00e9dica oficial realizada pela Pol\u00edcia Federal (PF), Bolsonaro \u00e9 portador de h\u00e9rnia inguinal bilateral. O laudo aponta que, embora exista a possibilidade de tratamento conservador, a interven\u00e7\u00e3o cir\u00fargica \u00e9 recomendada pela maioria dos cirurgi\u00f5es.<\/p>\n\n\n\n<p>Ainda segundo o documento, o procedimento n\u00e3o \u00e9 considerado emergencial e, por isso, foi classificado como cirurgia eletiva, devendo ser programado em data a ser informada pela defesa ao STF. Ap\u00f3s a indica\u00e7\u00e3o da data, a Procuradoria-Geral da Rep\u00fablica (PGR) ter\u00e1 at\u00e9 24 horas para emitir parecer.<\/p>\n\n\n\n<p>Na sexta-feira 19, o ministro Alexandre de Moraes, do STF, autorizou a realiza\u00e7\u00e3o da cirurgia eletiva e negou o pedido de pris\u00e3o domiciliar apresentado pela defesa do ex-presidente. Os advogados haviam solicitado autoriza\u00e7\u00e3o para que Bolsonaro deixasse a Superintend\u00eancia da Pol\u00edcia Federal, onde cumpre pena por tentativa de golpe, para realizar uma cirurgia de emerg\u00eancia em um hospital de Bras\u00edlia (DF).<\/p>\n\n\n\n<p>Al\u00e9m disso, a defesa pediu a transfer\u00eancia de Bolsonaro para pris\u00e3o domiciliar, alegando a necessidade de continuidade do tratamento m\u00e9dico. As solicita\u00e7\u00f5es foram protocoladas no STF nos dias 9 e 15 de dezembro.<\/p>\n\n\n\n<p class=\"has-text-align-center\"><strong><em>PUBLICIDADE<\/em><\/strong><\/p>\n\n\n\n<figure class=\"wp-block-image size-large\"><img decoding=\"async\" src=\"https:\/\/cafecommessias.com.br\/wp-content\/uploads\/2025\/12\/Banner-IPTU-1190x250px.gif\" alt=\"\"\/><\/figure>\n","protected":false},"excerpt":{"rendered":"<p>A defesa do ex-presidente Jair Bolsonaro (PL) informou \u00e0 CNN que ainda n\u00e3o enviou ao Supremo Tribunal Federal (STF) a data de cirurgia de h\u00e9rnia porque a equipe jur\u00eddica est\u00e1 em contato com os m\u00e9dicos para definir o melhor dia para a realiza\u00e7\u00e3o do procedimento.De acordo com a per\u00edcia m\u00e9dica oficial realizada pela Pol\u00edcia Federal&#8230;<\/p>\n","protected":false},"author":1,"featured_media":6930,"comment_status":"open","ping_status":"closed","sticky":false,"template":"","format":"standard","meta":{"footnotes":""},"categories":[4,3],"tags":[],"class_list":["post-6929","post","type-post","status-publish","format-standard","has-post-thumbnail","hentry","category-anuncie-aqui","category-geral"],"_links":{"self":[{"href":"https:\/\/cafecommessias.com.br\/index.php?rest_route=\/wp\/v2\/posts\/6929","targetHints":{"allow":["GET"]}}],"collection":[{"href":"https:\/\/cafecommessias.com.br\/index.php?rest_route=\/wp\/v2\/posts"}],"about":[{"href":"https:\/\/cafecommessias.com.br\/index.php?rest_route=\/wp\/v2\/types\/post"}],"author":[{"embeddable":true,"href":"https:\/\/cafecommessias.com.br\/index.php?rest_route=\/wp\/v2\/users\/1"}],"replies":[{"embeddable":true,"href":"https:\/\/cafecommessias.com.br\/index.php?rest_route=%2Fwp%2Fv2%2Fcomments&post=6929"}],"version-history":[{"count":1,"href":"https:\/\/cafecommessias.com.br\/index.php?rest_route=\/wp\/v2\/posts\/6929\/revisions"}],"predecessor-version":[{"id":6931,"href":"https:\/\/cafecommessias.com.br\/index.php?rest_route=\/wp\/v2\/posts\/6929\/revisions\/6931"}],"wp:featuredmedia":[{"embeddable":true,"href":"https:\/\/cafecommessias.com.br\/index.php?rest_route=\/wp\/v2\/media\/6930"}],"wp:attachment":[{"href":"https:\/\/cafecommessias.com.br\/index.php?rest_route=%2Fwp%2Fv2%2Fmedia&parent=6929"}],"wp:term":[{"taxonomy":"category","embeddable":true,"href":"https:\/\/cafecommessias.com.br\/index.php?rest_route=%2Fwp%2Fv2%2Fcategories&post=6929"},{"taxonomy":"post_tag","embeddable":true,"href":"https:\/\/cafecommessias.com.br\/index.php?rest_route=%2Fwp%2Fv2%2Ftags&post=6929"}],"curies":[{"name":"wp","href":"https:\/\/api.w.org\/{rel}","templated":true}]}}