{"id":6938,"date":"2025-12-20T19:15:02","date_gmt":"2025-12-20T22:15:02","guid":{"rendered":"https:\/\/cafecommessias.com.br\/?p=6938"},"modified":"2025-12-20T19:15:19","modified_gmt":"2025-12-20T22:15:19","slug":"nem-chefes-do-trafico-enfrentam-isso-diz-carlos-bolsonaro-apos-stf-liberar-cirurgia-do-pai","status":"publish","type":"post","link":"https:\/\/cafecommessias.com.br\/?p=6938","title":{"rendered":"\u2018Nem chefes do tr\u00e1fico enfrentam isso\u2019, diz Carlos Bolsonaro ap\u00f3s STF liberar cirurgia do pai"},"content":{"rendered":"\n<p>A decis\u00e3o do ministro Alexandre de Moraes, do STF, sobre o ex-presidente Jair Bolsonaro gerou rea\u00e7\u00e3o imediata do vereador Carlos Bolsonaro (PL-RJ). Em publica\u00e7\u00e3o nas redes sociais, ele criticou as restri\u00e7\u00f5es impostas ao pai e afirmou que o Judici\u00e1rio ignora um quadro de sa\u00fade considerado grave pela fam\u00edlia.<\/p>\n\n\n\n<p>\u201cNem chefes do tr\u00e1fico costumam enfrentar\u201d as condi\u00e7\u00f5es impostas ao ex-presidente, escreveu Carlos ao criticar o regime atual aplicado a Bolsonaro.<\/p>\n\n\n\n<p>Carlos disse que laudos m\u00e9dicos enviados ao STF apontam doen\u00e7as cr\u00f4nicas, como problemas card\u00edacos, hipertens\u00e3o, apneia do sono, refluxo severo e c\u00e2ncer de pele, al\u00e9m de crises recorrentes com v\u00f4mitos e uso cont\u00ednuo de medicamentos. Para ele, a manuten\u00e7\u00e3o das medidas afronta a dignidade humana e coloca a vida do ex-presidente em risco.<\/p>\n\n\n\n<p>O vereador tamb\u00e9m criticou as condi\u00e7\u00f5es de cust\u00f3dia, citando duas horas di\u00e1rias de banho de sol e visitas familiares limitadas a 30 minutos por semana, que classificou como mais r\u00edgidas do que as aplicadas a presos de alta periculosidade.<\/p>\n\n\n\n<p>A manifesta\u00e7\u00e3o ocorreu ap\u00f3s Moraes autorizar uma cirurgia de h\u00e9rnia inguinal bilateral em Bolsonaro, com base em laudo m\u00e9dico da Pol\u00edcia Federal. Apesar disso, o ministro negou o pedido de pris\u00e3o domiciliar, afirmando que o ex-presidente n\u00e3o cumpre os requisitos legais para a mudan\u00e7a de regime.<\/p>\n\n\n\n<p>Na decis\u00e3o, Moraes tamb\u00e9m mencionou descumprimento de medidas cautelares e tentativa de fuga em per\u00edodo anterior, al\u00e9m de manter restri\u00e7\u00f5es sobre sess\u00f5es de fisioterapia. Carlos Bolsonaro afirmou que o caso revela, segundo ele, o \u201cretrato jur\u00eddico e humano do regime aplicado hoje no Brasil\u201d.<\/p>\n","protected":false},"excerpt":{"rendered":"<p>A decis\u00e3o do ministro Alexandre de Moraes, do STF, sobre o ex-presidente Jair Bolsonaro gerou rea\u00e7\u00e3o imediata do vereador Carlos Bolsonaro (PL-RJ). Em publica\u00e7\u00e3o nas redes sociais, ele criticou as restri\u00e7\u00f5es impostas ao pai e afirmou que o Judici\u00e1rio ignora um quadro de sa\u00fade considerado grave pela fam\u00edlia. \u201cNem chefes do tr\u00e1fico costumam enfrentar\u201d as&#8230;<\/p>\n","protected":false},"author":1,"featured_media":6939,"comment_status":"open","ping_status":"closed","sticky":false,"template":"","format":"standard","meta":{"footnotes":""},"categories":[6],"tags":[],"class_list":["post-6938","post","type-post","status-publish","format-standard","has-post-thumbnail","hentry","category-politica"],"_links":{"self":[{"href":"https:\/\/cafecommessias.com.br\/index.php?rest_route=\/wp\/v2\/posts\/6938","targetHints":{"allow":["GET"]}}],"collection":[{"href":"https:\/\/cafecommessias.com.br\/index.php?rest_route=\/wp\/v2\/posts"}],"about":[{"href":"https:\/\/cafecommessias.com.br\/index.php?rest_route=\/wp\/v2\/types\/post"}],"author":[{"embeddable":true,"href":"https:\/\/cafecommessias.com.br\/index.php?rest_route=\/wp\/v2\/users\/1"}],"replies":[{"embeddable":true,"href":"https:\/\/cafecommessias.com.br\/index.php?rest_route=%2Fwp%2Fv2%2Fcomments&post=6938"}],"version-history":[{"count":1,"href":"https:\/\/cafecommessias.com.br\/index.php?rest_route=\/wp\/v2\/posts\/6938\/revisions"}],"predecessor-version":[{"id":6940,"href":"https:\/\/cafecommessias.com.br\/index.php?rest_route=\/wp\/v2\/posts\/6938\/revisions\/6940"}],"wp:featuredmedia":[{"embeddable":true,"href":"https:\/\/cafecommessias.com.br\/index.php?rest_route=\/wp\/v2\/media\/6939"}],"wp:attachment":[{"href":"https:\/\/cafecommessias.com.br\/index.php?rest_route=%2Fwp%2Fv2%2Fmedia&parent=6938"}],"wp:term":[{"taxonomy":"category","embeddable":true,"href":"https:\/\/cafecommessias.com.br\/index.php?rest_route=%2Fwp%2Fv2%2Fcategories&post=6938"},{"taxonomy":"post_tag","embeddable":true,"href":"https:\/\/cafecommessias.com.br\/index.php?rest_route=%2Fwp%2Fv2%2Ftags&post=6938"}],"curies":[{"name":"wp","href":"https:\/\/api.w.org\/{rel}","templated":true}]}}