{"id":6941,"date":"2025-12-20T19:18:17","date_gmt":"2025-12-20T22:18:17","guid":{"rendered":"https:\/\/cafecommessias.com.br\/?p=6941"},"modified":"2025-12-20T19:19:07","modified_gmt":"2025-12-20T22:19:07","slug":"sem-brasil-seis-paises-do-mercosul-emitem-comunicado-e-pedem-democracia-na-venezuela","status":"publish","type":"post","link":"https:\/\/cafecommessias.com.br\/?p=6941","title":{"rendered":"Sem Brasil, seis pa\u00edses do Mercosul emitem comunicado e pedem democracia na Venezuela"},"content":{"rendered":"\n<p>Presidentes e ministros de seis pa\u00edses do Mercosul divulgaram neste s\u00e1bado (20) um comunicado conjunto pedindo o restabelecimento da ordem democr\u00e1tica e o respeito aos direitos humanos na Venezuela. O documento foi divulgado \u00e0 margem da C\u00fapula do Mercosul, em Foz do Igua\u00e7u, e n\u00e3o foi assinado pelo presidente Luiz In\u00e1cio Lula da Silva (PT) nem por representantes do governo brasileiro.<\/p>\n\n\n\n<p>O comunicado foi emitido em nome dos presidentes da Argentina (Javier Milei), Paraguai (Santiago Pe\u00f1a) e Panam\u00e1 (Jos\u00e9 Ra\u00fal Mulino), al\u00e9m de autoridades de alto escal\u00e3o da Bol\u00edvia, Equador e Peru.<\/p>\n\n\n\n<p>Os signat\u00e1rios afirmam que democracia, direitos humanos e liberdades fundamentais s\u00e3o pilares da integra\u00e7\u00e3o regional e defendem uma solu\u00e7\u00e3o pac\u00edfica para a crise venezuelana.<\/p>\n\n\n\n<p>A declara\u00e7\u00e3o expressa preocupa\u00e7\u00e3o com a crise humanit\u00e1ria, social e migrat\u00f3ria venezuelana e relembra que o pa\u00eds foi suspenso do Mercosul por ruptura da ordem democr\u00e1tica. O texto tamb\u00e9m pede o fim de desaparecimentos for\u00e7ados, pris\u00f5es arbitr\u00e1rias e o respeito ao devido processo legal.<\/p>\n\n\n\n<p>O texto n\u00e3o menciona a escalada de tens\u00f5es entre Estados Unidos e Venezuela nem o aumento da presen\u00e7a militar americana na regi\u00e3o. A declara\u00e7\u00e3o final da C\u00fapula do Mercosul tamb\u00e9m n\u00e3o abordou o tema.<\/p>\n\n\n\n<p>Durante o encontro, Lula afirmou que uma eventual interven\u00e7\u00e3o militar dos EUA na Venezuela seria uma \u201ccat\u00e1strofe humanit\u00e1ria\u201d e um \u201cprecedente perigoso\u201d. J\u00e1 o presidente argentino Javier Milei elogiou a press\u00e3o exercida por Donald Trump sobre o regime de Nicol\u00e1s Maduro.<\/p>\n\n\n\n<p class=\"has-text-align-center\"><strong><em>PUBLICIDADE<\/em><\/strong><\/p>\n\n\n\n<figure class=\"wp-block-image size-large\"><img decoding=\"async\" src=\"https:\/\/cafecommessias.com.br\/wp-content\/uploads\/2025\/12\/Banner-IPTU-1190x250px.gif\" alt=\"\"\/><\/figure>\n","protected":false},"excerpt":{"rendered":"<p>Presidentes e ministros de seis pa\u00edses do Mercosul divulgaram neste s\u00e1bado (20) um comunicado conjunto pedindo o restabelecimento da ordem democr\u00e1tica e o respeito aos direitos humanos na Venezuela. O documento foi divulgado \u00e0 margem da C\u00fapula do Mercosul, em Foz do Igua\u00e7u, e n\u00e3o foi assinado pelo presidente Luiz In\u00e1cio Lula da Silva (PT)&#8230;<\/p>\n","protected":false},"author":1,"featured_media":6942,"comment_status":"open","ping_status":"open","sticky":false,"template":"","format":"standard","meta":{"footnotes":""},"categories":[4],"tags":[],"class_list":["post-6941","post","type-post","status-publish","format-standard","has-post-thumbnail","hentry","category-anuncie-aqui"],"_links":{"self":[{"href":"https:\/\/cafecommessias.com.br\/index.php?rest_route=\/wp\/v2\/posts\/6941","targetHints":{"allow":["GET"]}}],"collection":[{"href":"https:\/\/cafecommessias.com.br\/index.php?rest_route=\/wp\/v2\/posts"}],"about":[{"href":"https:\/\/cafecommessias.com.br\/index.php?rest_route=\/wp\/v2\/types\/post"}],"author":[{"embeddable":true,"href":"https:\/\/cafecommessias.com.br\/index.php?rest_route=\/wp\/v2\/users\/1"}],"replies":[{"embeddable":true,"href":"https:\/\/cafecommessias.com.br\/index.php?rest_route=%2Fwp%2Fv2%2Fcomments&post=6941"}],"version-history":[{"count":2,"href":"https:\/\/cafecommessias.com.br\/index.php?rest_route=\/wp\/v2\/posts\/6941\/revisions"}],"predecessor-version":[{"id":6944,"href":"https:\/\/cafecommessias.com.br\/index.php?rest_route=\/wp\/v2\/posts\/6941\/revisions\/6944"}],"wp:featuredmedia":[{"embeddable":true,"href":"https:\/\/cafecommessias.com.br\/index.php?rest_route=\/wp\/v2\/media\/6942"}],"wp:attachment":[{"href":"https:\/\/cafecommessias.com.br\/index.php?rest_route=%2Fwp%2Fv2%2Fmedia&parent=6941"}],"wp:term":[{"taxonomy":"category","embeddable":true,"href":"https:\/\/cafecommessias.com.br\/index.php?rest_route=%2Fwp%2Fv2%2Fcategories&post=6941"},{"taxonomy":"post_tag","embeddable":true,"href":"https:\/\/cafecommessias.com.br\/index.php?rest_route=%2Fwp%2Fv2%2Ftags&post=6941"}],"curies":[{"name":"wp","href":"https:\/\/api.w.org\/{rel}","templated":true}]}}