{"id":6972,"date":"2025-12-21T08:10:48","date_gmt":"2025-12-21T11:10:48","guid":{"rendered":"https:\/\/cafecommessias.com.br\/?p=6972"},"modified":"2025-12-21T08:11:00","modified_gmt":"2025-12-21T11:11:00","slug":"bolsonaro-soluca-ate-40-vezes-por-minuto-e-deve-definir-data-de-cirurgia-nos-proximos-dias","status":"publish","type":"post","link":"https:\/\/cafecommessias.com.br\/?p=6972","title":{"rendered":"Bolsonaro solu\u00e7a at\u00e9 40 vezes por minuto e deve definir data de cirurgia nos pr\u00f3ximos dias"},"content":{"rendered":"\n<p>O ex-presidente Jair Bolsonaro (PL) deve definir nos pr\u00f3ximos dias a data para realizar uma nova cirurgia, ap\u00f3s autoriza\u00e7\u00e3o concedida pelo ministro Alexandre de Moraes, do STF. Segundo o analista Teo Cury, da CNN, a estimativa \u00e9 de que a interna\u00e7\u00e3o dure de cinco a sete dias, per\u00edodo necess\u00e1rio tanto para o procedimento quanto para uma bateria de exames m\u00e9dicos.<\/p>\n\n\n\n<p>A defesa havia pedido urg\u00eancia para a cirurgia, mas um laudo da Pol\u00edcia Federal, assinado por quatro m\u00e9dicos, concluiu que o caso n\u00e3o \u00e9 emergencial. O mesmo documento, por\u00e9m, recomenda aten\u00e7\u00e3o imediata ao tratamento dos intensos solu\u00e7os que Bolsonaro apresenta \u2014 entre 30 e 40 por minuto, segundo a equipe m\u00e9dica. \u201cO procedimento para o solu\u00e7o precisa ser feito o mais breve poss\u00edvel\u201d, apontou Cury ao Agora CNN.<\/p>\n\n\n\n<p>A autoriza\u00e7\u00e3o do STF permite que Bolsonaro seja transferido para um hospital pr\u00f3ximo \u00e0 Superintend\u00eancia da Pol\u00edcia Federal. Assim que a equipe m\u00e9dica informar a data exata da cirurgia, o caso ser\u00e1 enviado \u00e0 Procuradoria-Geral da Rep\u00fablica, que ter\u00e1 24 horas para se manifestar sobre a transfer\u00eancia.<\/p>\n\n\n\n<p>Durante a interna\u00e7\u00e3o, Bolsonaro tamb\u00e9m passar\u00e1 por exames ligados ao c\u00e2ncer de pele que enfrenta, al\u00e9m de outras avalia\u00e7\u00f5es cl\u00ednicas. Segundo Cury, parte desses resultados poder\u00e1 ser utilizada futuramente como estrat\u00e9gia da defesa em novos pedidos de pris\u00e3o domiciliar.<\/p>\n\n\n\n<p><em><sub>Por CNN<\/sub><\/em><\/p>\n\n\n\n<p><\/p>\n","protected":false},"excerpt":{"rendered":"<p>O ex-presidente Jair Bolsonaro (PL) deve definir nos pr\u00f3ximos dias a data para realizar uma nova cirurgia, ap\u00f3s autoriza\u00e7\u00e3o concedida pelo ministro Alexandre de Moraes, do STF. Segundo o analista Teo Cury, da CNN, a estimativa \u00e9 de que a interna\u00e7\u00e3o dure de cinco a sete dias, per\u00edodo necess\u00e1rio tanto para o procedimento quanto para&#8230;<\/p>\n","protected":false},"author":1,"featured_media":6973,"comment_status":"open","ping_status":"closed","sticky":false,"template":"","format":"standard","meta":{"footnotes":""},"categories":[3],"tags":[],"class_list":["post-6972","post","type-post","status-publish","format-standard","has-post-thumbnail","hentry","category-geral"],"_links":{"self":[{"href":"https:\/\/cafecommessias.com.br\/index.php?rest_route=\/wp\/v2\/posts\/6972","targetHints":{"allow":["GET"]}}],"collection":[{"href":"https:\/\/cafecommessias.com.br\/index.php?rest_route=\/wp\/v2\/posts"}],"about":[{"href":"https:\/\/cafecommessias.com.br\/index.php?rest_route=\/wp\/v2\/types\/post"}],"author":[{"embeddable":true,"href":"https:\/\/cafecommessias.com.br\/index.php?rest_route=\/wp\/v2\/users\/1"}],"replies":[{"embeddable":true,"href":"https:\/\/cafecommessias.com.br\/index.php?rest_route=%2Fwp%2Fv2%2Fcomments&post=6972"}],"version-history":[{"count":1,"href":"https:\/\/cafecommessias.com.br\/index.php?rest_route=\/wp\/v2\/posts\/6972\/revisions"}],"predecessor-version":[{"id":6974,"href":"https:\/\/cafecommessias.com.br\/index.php?rest_route=\/wp\/v2\/posts\/6972\/revisions\/6974"}],"wp:featuredmedia":[{"embeddable":true,"href":"https:\/\/cafecommessias.com.br\/index.php?rest_route=\/wp\/v2\/media\/6973"}],"wp:attachment":[{"href":"https:\/\/cafecommessias.com.br\/index.php?rest_route=%2Fwp%2Fv2%2Fmedia&parent=6972"}],"wp:term":[{"taxonomy":"category","embeddable":true,"href":"https:\/\/cafecommessias.com.br\/index.php?rest_route=%2Fwp%2Fv2%2Fcategories&post=6972"},{"taxonomy":"post_tag","embeddable":true,"href":"https:\/\/cafecommessias.com.br\/index.php?rest_route=%2Fwp%2Fv2%2Ftags&post=6972"}],"curies":[{"name":"wp","href":"https:\/\/api.w.org\/{rel}","templated":true}]}}