{"id":699,"date":"2025-07-16T13:20:10","date_gmt":"2025-07-16T16:20:10","guid":{"rendered":"http:\/\/cafecommessias.com.br\/?p=699"},"modified":"2025-07-16T13:20:10","modified_gmt":"2025-07-16T16:20:10","slug":"com-allyson-aliado-de-zenaide-baba-confirma-que-pode-ser-opcao-para-o-senado-no-grupo-de-rogerio","status":"publish","type":"post","link":"https:\/\/cafecommessias.com.br\/?p=699","title":{"rendered":"Com Allyson aliado de Zenaide, Bab\u00e1 confirma que pode ser op\u00e7\u00e3o para o Senado no grupo de Rog\u00e9rio"},"content":{"rendered":"\n<p>Presidente da Femurn tem sido estimulado a disputar o Senado em meio \u00e0 aproxima\u00e7\u00e3o de Allyson com Zenaide<\/p>\n\n\n\n<p>O presidente da Federa\u00e7\u00e3o dos Munic\u00edpios do Rio Grande do Norte (Femurn), Bab\u00e1 Pereira (PL), afirmou nesta ter\u00e7a-feira 15 que poder\u00e1 ser candidato ao Senado nas elei\u00e7\u00f5es de 2026 com apoio de parte da oposi\u00e7\u00e3o.<\/p>\n\n\n\n<p>Ex-prefeito do munic\u00edpio de S\u00e3o Tom\u00e9 e cumprindo seu 2\u00ba mandato na presid\u00eancia da Femurn, Bab\u00e1 tem sido incentivado por setores da oposi\u00e7\u00e3o a ir para a disputa em uma dobradinha com o senador Styvenson Valentim (PSDB), que disputar\u00e1 a reelei\u00e7\u00e3o. Em 2026, ser\u00e3o duas vagas em aberto para o Senado.<\/p>\n\n\n\n<p>\u201cEu estou andando e ouvindo muito. Ouvindo lideran\u00e7as, prefeitos, vice-prefeitos, ex-prefeitos. E a popula\u00e7\u00e3o tamb\u00e9m, com quem sempre tenho contato. Estou andando e escutando. Estamos ouvindo antes de tomar a decis\u00e3o\u201d, afirmou Bab\u00e1 ao AGORA RN nesta ter\u00e7a-feira 15.<\/p>\n\n\n\n<p>Bab\u00e1 conversou com a reportagem direto de Bras\u00edlia, onde acompanhava as discuss\u00f5es, nesta ter\u00e7a-feira, em torno da PEC 66\/2023 \u2013 proposta que flexibiliza regras para pagamento de precat\u00f3rios e d\u00edvidas previdenci\u00e1rias das prefeituras.<\/p>\n\n\n\n<p>O presidente da Femurn disse que, entre outros nomes da oposi\u00e7\u00e3o, tem sido incentivado a ir para a disputa do Senado pelo pr\u00f3prio Styvenson Valentim. \u201cO senador tem dito que, se eu viabilizar minha candidatura, eu poderei ser seu companheiro de chapa\u201d, declarou o pol\u00edtico.<\/p>\n\n\n\n<p>Bab\u00e1 tem sido estimulado a disputar o Senado dentro do grupo que \u00e9 liderado pelo senador Rog\u00e9rio Marinho (PL), que \u00e9 pr\u00e9-candidato a governador. Perguntado sobre o fato de o PL j\u00e1 reivindicar a cabe\u00e7a da chapa com a pr\u00e9-candidatura de Rog\u00e9rio, ele disse que, se isso for obst\u00e1culo \u00e0 uni\u00e3o da oposi\u00e7\u00e3o, o partido pode renunciar \u00e0 2\u00aa vaga para o Senado (uma j\u00e1 \u00e9 de Styvenson). Neste cen\u00e1rio, por\u00e9m, o restante da oposi\u00e7\u00e3o teria de apoiar a candidatura de Rog\u00e9rio Marinho para governador.<\/p>\n\n\n\n<p>\u201cNossa primeira op\u00e7\u00e3o \u00e9 fazer Rog\u00e9rio Marinho governador. Esta \u00e9 a prioridade. Se for necess\u00e1rio abrir m\u00e3o da candidatura ao Senado, pode ser. Nosso objetivo principal \u00e9 a elei\u00e7\u00e3o de Rog\u00e9rio Marinho para o governo\u201d, declarou Bab\u00e1.<\/p>\n\n\n\n<p>A pr\u00e9-candidatura de Bab\u00e1 Pereira surge num momento em que a oposi\u00e7\u00e3o est\u00e1 dividida. De um lado est\u00e1 o grupo de Rog\u00e9rio Marinho, do qual Styvenson e Bab\u00e1 fazem parte.<\/p>\n\n\n\n<p>Al\u00e9m deste, h\u00e1 o grupo do qual faz parte o prefeito de Mossor\u00f3, Allyson Bezerra (Uni\u00e3o), que tem reafirmado compromisso com a candidatura \u00e0 reelei\u00e7\u00e3o da senadora Zenaide Maia (PSD). Al\u00e9m disso, Allyson mant\u00e9m conversas com o ex-prefeito de Natal \u00c1lvaro Dias (Republicanos), que poder\u00e1 ser o 2\u00ba nome para o Senado na chapa num cen\u00e1rio em que a oposi\u00e7\u00e3o tenha duas chapas.<\/p>\n\n\n\n<p>Nesta ter\u00e7a-feira, Bab\u00e1 Pereira publicou uma foto nas redes sociais em que aparece sentado na cadeira de Styvenson Valentim. A foto foi feita no gabinete de Styvenson no Senado, em Bras\u00edlia. Junto com a foto, Bab\u00e1 postou uma legenda em que deixa no ar a possibilidade de ir para a disputa no pr\u00f3ximo ano.<br>\u201cCumprindo agenda aqui em Bras\u00edlia, tive a honra de visitar o gabinete do nosso senador Styvenson! E olha s\u00f3\u2026 o pr\u00f3prio senador me cedeu a cadeira dele por alguns minutos! Sentei, respirei fundo e pensei: \u2018Ser\u00e1 que combina\u2019? Por enquanto t\u00f4 s\u00f3 na sombra\u2026 mas que a cadeira \u00e9 confort\u00e1vel, isso \u00e9!\u201d, escreveu o presidente da Femurn.<\/p>\n\n\n\n<p>Alguns nomes da oposi\u00e7\u00e3o comentaram na publica\u00e7\u00e3o. Um deles foi o pr\u00f3prio Styvenson, que escreveu: \u201cCabra bom. Tem a confian\u00e7a de muitos prefeitos do RN e a nossa tamb\u00e9m\u201d. O deputado estadual Gustavo Carvalho (PL) tamb\u00e9m comentou: \u201cEste ser\u00e1 o senador de todos na m\u00e1xima ess\u00eancia. Vamos que vamos, amigo!\u201d. A prefeita de Extremoz, Jussara Sales (PL), reagiu com aplausos.<\/p>\n\n\n\n<p><sub>por Agora RN<\/sub><\/p>\n\n\n\n<p><\/p>\n","protected":false},"excerpt":{"rendered":"<p>Presidente da Femurn tem sido estimulado a disputar o Senado em meio \u00e0 aproxima\u00e7\u00e3o de Allyson com Zenaide O presidente da Federa\u00e7\u00e3o dos Munic\u00edpios do Rio Grande do Norte (Femurn), Bab\u00e1 Pereira (PL), afirmou nesta ter\u00e7a-feira 15 que poder\u00e1 ser candidato ao Senado nas elei\u00e7\u00f5es de 2026 com apoio de parte da oposi\u00e7\u00e3o. Ex-prefeito do&#8230;<\/p>\n","protected":false},"author":1,"featured_media":700,"comment_status":"open","ping_status":"open","sticky":false,"template":"","format":"standard","meta":{"footnotes":""},"categories":[6],"tags":[],"class_list":["post-699","post","type-post","status-publish","format-standard","has-post-thumbnail","hentry","category-politica"],"_links":{"self":[{"href":"https:\/\/cafecommessias.com.br\/index.php?rest_route=\/wp\/v2\/posts\/699","targetHints":{"allow":["GET"]}}],"collection":[{"href":"https:\/\/cafecommessias.com.br\/index.php?rest_route=\/wp\/v2\/posts"}],"about":[{"href":"https:\/\/cafecommessias.com.br\/index.php?rest_route=\/wp\/v2\/types\/post"}],"author":[{"embeddable":true,"href":"https:\/\/cafecommessias.com.br\/index.php?rest_route=\/wp\/v2\/users\/1"}],"replies":[{"embeddable":true,"href":"https:\/\/cafecommessias.com.br\/index.php?rest_route=%2Fwp%2Fv2%2Fcomments&post=699"}],"version-history":[{"count":1,"href":"https:\/\/cafecommessias.com.br\/index.php?rest_route=\/wp\/v2\/posts\/699\/revisions"}],"predecessor-version":[{"id":701,"href":"https:\/\/cafecommessias.com.br\/index.php?rest_route=\/wp\/v2\/posts\/699\/revisions\/701"}],"wp:featuredmedia":[{"embeddable":true,"href":"https:\/\/cafecommessias.com.br\/index.php?rest_route=\/wp\/v2\/media\/700"}],"wp:attachment":[{"href":"https:\/\/cafecommessias.com.br\/index.php?rest_route=%2Fwp%2Fv2%2Fmedia&parent=699"}],"wp:term":[{"taxonomy":"category","embeddable":true,"href":"https:\/\/cafecommessias.com.br\/index.php?rest_route=%2Fwp%2Fv2%2Fcategories&post=699"},{"taxonomy":"post_tag","embeddable":true,"href":"https:\/\/cafecommessias.com.br\/index.php?rest_route=%2Fwp%2Fv2%2Ftags&post=699"}],"curies":[{"name":"wp","href":"https:\/\/api.w.org\/{rel}","templated":true}]}}