{"id":7019,"date":"2025-12-22T09:07:53","date_gmt":"2025-12-22T12:07:53","guid":{"rendered":"https:\/\/cafecommessias.com.br\/?p=7019"},"modified":"2025-12-22T09:08:34","modified_gmt":"2025-12-22T12:08:34","slug":"lula-sanciona-lei-que-redefine-atuacao-da-policia-judicial","status":"publish","type":"post","link":"https:\/\/cafecommessias.com.br\/?p=7019","title":{"rendered":"Lula sanciona lei que redefine atua\u00e7\u00e3o da pol\u00edcia judicial"},"content":{"rendered":"\n<p>A reorganiza\u00e7\u00e3o da carreira da pol\u00edcia judicial no Poder Judici\u00e1rio passou a valer a partir de 6\u00aa feira (19.dez.2025), com a san\u00e7\u00e3o da lei 15.285. A norma transfere esses servidores da \u00e1rea administrativa para a \u00e1rea de apoio especializado, redefine denomina\u00e7\u00f5es dos cargos e ajusta regras sobre gratifica\u00e7\u00e3o e porte de arma.<\/p>\n\n\n\n<p>O texto foi publicado no Di\u00e1rio Oficial da Uni\u00e3o e \u00e9 assinado pelo presidente Luiz In\u00e1cio Lula da Silva (PT) e pelo ministro da Justi\u00e7a e Seguran\u00e7a P\u00fablica, Ricardo Lewandowski.<\/p>\n\n\n\n<p>A lei tem origem no projeto 2.447 de 2022, de iniciativa do STF (Supremo Tribunal Federal), aprovado pelo Senado em 10 de dezembro com relat\u00f3rio favor\u00e1vel do senador Angelo Coronel (PSD-BA).<\/p>\n\n\n\n<p><strong>Novidades<\/strong><\/p>\n\n\n\n<p>Com as mudan\u00e7as, a Lei das Carreiras dos Servidores do Poder Judici\u00e1rio da Uni\u00e3o passa a determinar, de forma expressa, que as atividades de pol\u00edcia institucional integrem a \u00e1rea de apoio especializado de cada \u00f3rg\u00e3o de suporte. T\u00e9cnicos judici\u00e1rios que exercem essas atribui\u00e7\u00f5es passam a ser denominados agentes de pol\u00edcia judicial, enquanto os analistas recebem a denomina\u00e7\u00e3o de inspetores de pol\u00edcia judicial.<\/p>\n\n\n\n<p>O texto tamb\u00e9m assegura o porte de arma de fogo, de propriedade particular ou fornecida pela institui\u00e7\u00e3o, aos servidores enquadrados na especialidade de pol\u00edcia judicial. Para isso, \u00e9 exigido porte institucional, comprova\u00e7\u00e3o de capacidade t\u00e9cnica e aptid\u00e3o psicol\u00f3gica, al\u00e9m do efetivo exerc\u00edcio da fun\u00e7\u00e3o, conforme as regras do Estatuto do Desarmamento e em regulamento pr\u00f3prio.<\/p>\n\n\n\n<p>Outra mudan\u00e7a \u00e9 a amplia\u00e7\u00e3o do alcance da GAS (Gratifica\u00e7\u00e3o de Atividade de Seguran\u00e7a). A gratifica\u00e7\u00e3o poder\u00e1 ser paga aos servidores que exer\u00e7am atribui\u00e7\u00f5es de seguran\u00e7a institucional mesmo quando estiverem designados para fun\u00e7\u00e3o comissionada ou cargo em comiss\u00e3o, desde que lotados nas unidades de seguran\u00e7a do Poder Judici\u00e1rio.<\/p>\n\n\n\n<p><em><sub>Por Poder360<\/sub><\/em><\/p>\n\n\n\n<p><\/p>\n","protected":false},"excerpt":{"rendered":"<p>A reorganiza\u00e7\u00e3o da carreira da pol\u00edcia judicial no Poder Judici\u00e1rio passou a valer a partir de 6\u00aa feira (19.dez.2025), com a san\u00e7\u00e3o da lei 15.285. A norma transfere esses servidores da \u00e1rea administrativa para a \u00e1rea de apoio especializado, redefine denomina\u00e7\u00f5es dos cargos e ajusta regras sobre gratifica\u00e7\u00e3o e porte de arma. O texto foi&#8230;<\/p>\n","protected":false},"author":1,"featured_media":7020,"comment_status":"open","ping_status":"closed","sticky":false,"template":"","format":"standard","meta":{"footnotes":""},"categories":[3],"tags":[],"class_list":["post-7019","post","type-post","status-publish","format-standard","has-post-thumbnail","hentry","category-geral"],"_links":{"self":[{"href":"https:\/\/cafecommessias.com.br\/index.php?rest_route=\/wp\/v2\/posts\/7019","targetHints":{"allow":["GET"]}}],"collection":[{"href":"https:\/\/cafecommessias.com.br\/index.php?rest_route=\/wp\/v2\/posts"}],"about":[{"href":"https:\/\/cafecommessias.com.br\/index.php?rest_route=\/wp\/v2\/types\/post"}],"author":[{"embeddable":true,"href":"https:\/\/cafecommessias.com.br\/index.php?rest_route=\/wp\/v2\/users\/1"}],"replies":[{"embeddable":true,"href":"https:\/\/cafecommessias.com.br\/index.php?rest_route=%2Fwp%2Fv2%2Fcomments&post=7019"}],"version-history":[{"count":1,"href":"https:\/\/cafecommessias.com.br\/index.php?rest_route=\/wp\/v2\/posts\/7019\/revisions"}],"predecessor-version":[{"id":7021,"href":"https:\/\/cafecommessias.com.br\/index.php?rest_route=\/wp\/v2\/posts\/7019\/revisions\/7021"}],"wp:featuredmedia":[{"embeddable":true,"href":"https:\/\/cafecommessias.com.br\/index.php?rest_route=\/wp\/v2\/media\/7020"}],"wp:attachment":[{"href":"https:\/\/cafecommessias.com.br\/index.php?rest_route=%2Fwp%2Fv2%2Fmedia&parent=7019"}],"wp:term":[{"taxonomy":"category","embeddable":true,"href":"https:\/\/cafecommessias.com.br\/index.php?rest_route=%2Fwp%2Fv2%2Fcategories&post=7019"},{"taxonomy":"post_tag","embeddable":true,"href":"https:\/\/cafecommessias.com.br\/index.php?rest_route=%2Fwp%2Fv2%2Ftags&post=7019"}],"curies":[{"name":"wp","href":"https:\/\/api.w.org\/{rel}","templated":true}]}}