{"id":7039,"date":"2025-12-22T11:09:25","date_gmt":"2025-12-22T14:09:25","guid":{"rendered":"https:\/\/cafecommessias.com.br\/?p=7039"},"modified":"2025-12-22T11:09:47","modified_gmt":"2025-12-22T14:09:47","slug":"grupo-queiroz-se-pronuncia-apos-acao-de-integrantes-do-mlb-em-unidade-de-natal","status":"publish","type":"post","link":"https:\/\/cafecommessias.com.br\/?p=7039","title":{"rendered":"Grupo Queiroz se pronuncia ap\u00f3s a\u00e7\u00e3o de integrantes do MLB em unidade de Natal"},"content":{"rendered":"\n<p>O Grupo Queiroz divulgou uma nota de esclarecimento ap\u00f3s integrantes do Movimento de Luta nos Bairros, Vilas e Favelas (MLB) realizarem manifesta\u00e7\u00e3o na unidade do Supermercado Queiroz Sat\u00e9lite, em Natal, na manh\u00e3 do \u00faltimo s\u00e1bado (20). A empresa afirmou que n\u00e3o possui qualquer v\u00ednculo com a a\u00e7\u00e3o, respons\u00e1vel por reunir mais de 300 fam\u00edlias, e que medidas j\u00e1 est\u00e3o sendo adotadas junto \u00e0s autoridades.<\/p>\n\n\n\n<p>Segundo o pronunciamento, a entrada dos manifestantes ocorreu sem autoriza\u00e7\u00e3o, \u201cem ambiente de propriedade privada, em desacordo com a legisla\u00e7\u00e3o vigente\u201d. O grupo empresarial refor\u00e7ou que sempre atuou de forma l\u00edcita, regular e respons\u00e1vel, mantendo-se alheio a movimentos ou pautas de natureza pol\u00edtica ou ideol\u00f3gica.<\/p>\n\n\n\n<p>Na nota, o Queiroz Atacad\u00e3o tamb\u00e9m destacou que a ocupa\u00e7\u00e3o comprometeu a ordem e a seguran\u00e7a do local, informando que as medidas cab\u00edveis est\u00e3o sendo adotadas junto \u00e0s autoridades competentes. Al\u00e9m disso, a empresa comunicou que a situa\u00e7\u00e3o j\u00e1 foi normalizada e que a unidade voltou a funcionar normalmente.<\/p>\n","protected":false},"excerpt":{"rendered":"<p>O Grupo Queiroz divulgou uma nota de esclarecimento ap\u00f3s integrantes do Movimento de Luta nos Bairros, Vilas e Favelas (MLB) realizarem manifesta\u00e7\u00e3o na unidade do Supermercado Queiroz Sat\u00e9lite, em Natal, na manh\u00e3 do \u00faltimo s\u00e1bado (20). A empresa afirmou que n\u00e3o possui qualquer v\u00ednculo com a a\u00e7\u00e3o, respons\u00e1vel por reunir mais de 300 fam\u00edlias, e&#8230;<\/p>\n","protected":false},"author":1,"featured_media":7040,"comment_status":"open","ping_status":"closed","sticky":false,"template":"","format":"standard","meta":{"footnotes":""},"categories":[3],"tags":[],"class_list":["post-7039","post","type-post","status-publish","format-standard","has-post-thumbnail","hentry","category-geral"],"_links":{"self":[{"href":"https:\/\/cafecommessias.com.br\/index.php?rest_route=\/wp\/v2\/posts\/7039","targetHints":{"allow":["GET"]}}],"collection":[{"href":"https:\/\/cafecommessias.com.br\/index.php?rest_route=\/wp\/v2\/posts"}],"about":[{"href":"https:\/\/cafecommessias.com.br\/index.php?rest_route=\/wp\/v2\/types\/post"}],"author":[{"embeddable":true,"href":"https:\/\/cafecommessias.com.br\/index.php?rest_route=\/wp\/v2\/users\/1"}],"replies":[{"embeddable":true,"href":"https:\/\/cafecommessias.com.br\/index.php?rest_route=%2Fwp%2Fv2%2Fcomments&post=7039"}],"version-history":[{"count":1,"href":"https:\/\/cafecommessias.com.br\/index.php?rest_route=\/wp\/v2\/posts\/7039\/revisions"}],"predecessor-version":[{"id":7041,"href":"https:\/\/cafecommessias.com.br\/index.php?rest_route=\/wp\/v2\/posts\/7039\/revisions\/7041"}],"wp:featuredmedia":[{"embeddable":true,"href":"https:\/\/cafecommessias.com.br\/index.php?rest_route=\/wp\/v2\/media\/7040"}],"wp:attachment":[{"href":"https:\/\/cafecommessias.com.br\/index.php?rest_route=%2Fwp%2Fv2%2Fmedia&parent=7039"}],"wp:term":[{"taxonomy":"category","embeddable":true,"href":"https:\/\/cafecommessias.com.br\/index.php?rest_route=%2Fwp%2Fv2%2Fcategories&post=7039"},{"taxonomy":"post_tag","embeddable":true,"href":"https:\/\/cafecommessias.com.br\/index.php?rest_route=%2Fwp%2Fv2%2Ftags&post=7039"}],"curies":[{"name":"wp","href":"https:\/\/api.w.org\/{rel}","templated":true}]}}