{"id":7065,"date":"2025-12-22T19:14:44","date_gmt":"2025-12-22T22:14:44","guid":{"rendered":"https:\/\/cafecommessias.com.br\/?p=7065"},"modified":"2025-12-22T19:15:01","modified_gmt":"2025-12-22T22:15:01","slug":"ministerio-da-justica-envia-pedido-de-extradicao-de-ramagem-aos-eua","status":"publish","type":"post","link":"https:\/\/cafecommessias.com.br\/?p=7065","title":{"rendered":"Minist\u00e9rio da Justi\u00e7a envia pedido de extradi\u00e7\u00e3o de Ramagem aos EUA"},"content":{"rendered":"\n<p>O Minist\u00e9rio da Justi\u00e7a comunicou nesta segunda-feira (22) ao ministro Alexandre de Moraes, do STF, que j\u00e1 enviou ao Itamaraty o pedido de extradi\u00e7\u00e3o do ex-deputado federal Alexandre Ramagem (PL-RJ). A ordem de extradi\u00e7\u00e3o foi determinada por Moraes, ap\u00f3s Ramagem&nbsp;<a href=\"https:\/\/www.blogdobg.com.br\/investigacao-da-pf-aponta-que-grupo-ajudou-ramagem-a-fugir-do-brasil-pela-guiana\/\">fugir para os Estados Unidos<\/a>.<\/p>\n\n\n\n<p>O ex-parlamentar foi condenado a 16 anos e um m\u00eas de pris\u00e3o por tr\u00eas dos cinco crimes que a Procuradoria-Geral da Rep\u00fablica imputou a ele na investiga\u00e7\u00e3o da trama golpista.<\/p>\n\n\n\n<p>A documenta\u00e7\u00e3o necess\u00e1ria para o pedido de extradi\u00e7\u00e3o foi organizada pelo MJSP e entregue ao Minist\u00e9rio das Rela\u00e7\u00f5es Exteriores. Agora, cabe ao Itamaraty formalizar o pedido junto \u00e0s autoridades norte-americanas.<\/p>\n\n\n\n<p>Ramagem teve o&nbsp;<a href=\"https:\/\/www.blogdobg.com.br\/hugo-motta-cassa-mandatos-de-eduardo-bolsonaro-e-alexandre-ramagem-na-camara\/\">mandato de deputado federal cassado pela Mesa Diretora da C\u00e2mara<\/a>, na quinta-feira (18), justamente por conta da condena\u00e7\u00e3o do STF no processo sobre a tentativa de golpe de Estado.<\/p>\n\n\n\n<p>Nesta segunda, a esposa do ex-deputado, Rebeca Ramagem, anunciou nas redes sociais que o marido&nbsp;<a href=\"https:\/\/www.blogdobg.com.br\/mulher-de-ramagem-diz-que-ex-deputado-foragido-vai-vender-curso-online\/\">pretende lan\u00e7ar cursos on-line<\/a>.<\/p>\n","protected":false},"excerpt":{"rendered":"<p>O Minist\u00e9rio da Justi\u00e7a comunicou nesta segunda-feira (22) ao ministro Alexandre de Moraes, do STF, que j\u00e1 enviou ao Itamaraty o pedido de extradi\u00e7\u00e3o do ex-deputado federal Alexandre Ramagem (PL-RJ). A ordem de extradi\u00e7\u00e3o foi determinada por Moraes, ap\u00f3s Ramagem&nbsp;fugir para os Estados Unidos. O ex-parlamentar foi condenado a 16 anos e um m\u00eas de&#8230;<\/p>\n","protected":false},"author":1,"featured_media":7066,"comment_status":"open","ping_status":"closed","sticky":false,"template":"","format":"standard","meta":{"footnotes":""},"categories":[39],"tags":[],"class_list":["post-7065","post","type-post","status-publish","format-standard","has-post-thumbnail","hentry","category-justica"],"_links":{"self":[{"href":"https:\/\/cafecommessias.com.br\/index.php?rest_route=\/wp\/v2\/posts\/7065","targetHints":{"allow":["GET"]}}],"collection":[{"href":"https:\/\/cafecommessias.com.br\/index.php?rest_route=\/wp\/v2\/posts"}],"about":[{"href":"https:\/\/cafecommessias.com.br\/index.php?rest_route=\/wp\/v2\/types\/post"}],"author":[{"embeddable":true,"href":"https:\/\/cafecommessias.com.br\/index.php?rest_route=\/wp\/v2\/users\/1"}],"replies":[{"embeddable":true,"href":"https:\/\/cafecommessias.com.br\/index.php?rest_route=%2Fwp%2Fv2%2Fcomments&post=7065"}],"version-history":[{"count":1,"href":"https:\/\/cafecommessias.com.br\/index.php?rest_route=\/wp\/v2\/posts\/7065\/revisions"}],"predecessor-version":[{"id":7067,"href":"https:\/\/cafecommessias.com.br\/index.php?rest_route=\/wp\/v2\/posts\/7065\/revisions\/7067"}],"wp:featuredmedia":[{"embeddable":true,"href":"https:\/\/cafecommessias.com.br\/index.php?rest_route=\/wp\/v2\/media\/7066"}],"wp:attachment":[{"href":"https:\/\/cafecommessias.com.br\/index.php?rest_route=%2Fwp%2Fv2%2Fmedia&parent=7065"}],"wp:term":[{"taxonomy":"category","embeddable":true,"href":"https:\/\/cafecommessias.com.br\/index.php?rest_route=%2Fwp%2Fv2%2Fcategories&post=7065"},{"taxonomy":"post_tag","embeddable":true,"href":"https:\/\/cafecommessias.com.br\/index.php?rest_route=%2Fwp%2Fv2%2Ftags&post=7065"}],"curies":[{"name":"wp","href":"https:\/\/api.w.org\/{rel}","templated":true}]}}