{"id":7120,"date":"2025-12-24T06:48:17","date_gmt":"2025-12-24T09:48:17","guid":{"rendered":"https:\/\/cafecommessias.com.br\/?p=7120"},"modified":"2025-12-24T06:49:19","modified_gmt":"2025-12-24T09:49:19","slug":"francisco-e-natalia-pressionam-walter-alves-por-definicao-sobre-2026-ja-passou-da-hora","status":"publish","type":"post","link":"https:\/\/cafecommessias.com.br\/?p=7120","title":{"rendered":"Francisco e Nat\u00e1lia pressionam Walter Alves por defini\u00e7\u00e3o sobre 2026: \u201cJ\u00e1 passou da hora\u201d"},"content":{"rendered":"\n<p>Parlamentares do PT no Rio Grande do Norte reagiram nesta ter\u00e7a-feira (23) \u00e0s declara\u00e7\u00f5es do vice-governador Walter Alves (MDB), que admitiu a possibilidade de n\u00e3o assumir o governo em 2026, ap\u00f3s eventual ren\u00fancia de F\u00e1tima Bezerra (PT). Walter tamb\u00e9m n\u00e3o descartou disputar vaga de deputado estadual e apoiar o prefeito de Mossor\u00f3, Allyson Bezerra (Uni\u00e3o), advers\u00e1rio do PT.<\/p>\n\n\n\n<p>Em entrevista ao&nbsp;<strong>Agora RN<\/strong>, o deputado estadual Francisco do PT e a deputada federal Nat\u00e1lia Bonavides cobraram um posicionamento claro e formal do vice-governador. Para eles, a indefini\u00e7\u00e3o prolongada gera inseguran\u00e7a pol\u00edtica e tensiona uma alian\u00e7a constru\u00edda com base em compromissos previamente firmados.<\/p>\n\n\n\n<p>Francisco afirmou que \u201cj\u00e1 passou da hora\u201d de Walter encerrar as especula\u00e7\u00f5es e lembrou que o PT j\u00e1 definiu sua estrat\u00e9gia eleitoral: Cadu Xavier como pr\u00e9-candidato ao governo e F\u00e1tima Bezerra ao Senado. Segundo ele, esse arranjo foi discutido anteriormente com o MDB e teve, inclusive, manifesta\u00e7\u00f5es p\u00fablicas de apoio do ex-senador Garibaldi Alves Filho.<\/p>\n\n\n\n<p>O l\u00edder do governo na Assembleia ressaltou que, enquanto n\u00e3o houver comunica\u00e7\u00e3o oficial de Walter ao PT e \u00e0 governadora, deve prevalecer a palavra dada. Para Francisco, qualquer apoio a outro projeto ao governo representaria, na pr\u00e1tica, um rompimento pol\u00edtico com a alian\u00e7a atual.<\/p>\n\n\n\n<p>Nat\u00e1lia Bonavides afirmou que, at\u00e9 agora, n\u00e3o existe uma defini\u00e7\u00e3o concreta por parte do vice-governador, apenas declara\u00e7\u00f5es isoladas e especula\u00e7\u00f5es. \u201cEspero que ele se posicione de forma n\u00edtida e que cumpra os compromissos assumidos com F\u00e1tima, Lula e o PT\u201d, declarou.<\/p>\n\n\n\n<p>A deputada refor\u00e7ou que o PT j\u00e1 tem um projeto definido para o Brasil e para o Rio Grande do Norte, com Lula \u00e0 reelei\u00e7\u00e3o, F\u00e1tima ao Senado e Cadu Xavier ao governo estadual, al\u00e9m do objetivo de ampliar as bancadas no Congresso e na Assembleia Legislativa.<\/p>\n\n\n\n<p><em><sub>Por Agora RN<\/sub><\/em><\/p>\n\n\n\n<figure class=\"wp-block-image size-large\"><img decoding=\"async\" src=\"https:\/\/cafecommessias.com.br\/wp-content\/uploads\/2025\/12\/Banner-IPTU-1190x250px.gif\" alt=\"\"\/><\/figure>\n","protected":false},"excerpt":{"rendered":"<p>Parlamentares do PT no Rio Grande do Norte reagiram nesta ter\u00e7a-feira (23) \u00e0s declara\u00e7\u00f5es do vice-governador Walter Alves (MDB), que admitiu a possibilidade de n\u00e3o assumir o governo em 2026, ap\u00f3s eventual ren\u00fancia de F\u00e1tima Bezerra (PT). Walter tamb\u00e9m n\u00e3o descartou disputar vaga de deputado estadual e apoiar o prefeito de Mossor\u00f3, Allyson Bezerra (Uni\u00e3o),&#8230;<\/p>\n","protected":false},"author":1,"featured_media":7122,"comment_status":"open","ping_status":"closed","sticky":false,"template":"","format":"standard","meta":{"footnotes":""},"categories":[4,6],"tags":[],"class_list":["post-7120","post","type-post","status-publish","format-standard","has-post-thumbnail","hentry","category-anuncie-aqui","category-politica"],"_links":{"self":[{"href":"https:\/\/cafecommessias.com.br\/index.php?rest_route=\/wp\/v2\/posts\/7120","targetHints":{"allow":["GET"]}}],"collection":[{"href":"https:\/\/cafecommessias.com.br\/index.php?rest_route=\/wp\/v2\/posts"}],"about":[{"href":"https:\/\/cafecommessias.com.br\/index.php?rest_route=\/wp\/v2\/types\/post"}],"author":[{"embeddable":true,"href":"https:\/\/cafecommessias.com.br\/index.php?rest_route=\/wp\/v2\/users\/1"}],"replies":[{"embeddable":true,"href":"https:\/\/cafecommessias.com.br\/index.php?rest_route=%2Fwp%2Fv2%2Fcomments&post=7120"}],"version-history":[{"count":1,"href":"https:\/\/cafecommessias.com.br\/index.php?rest_route=\/wp\/v2\/posts\/7120\/revisions"}],"predecessor-version":[{"id":7121,"href":"https:\/\/cafecommessias.com.br\/index.php?rest_route=\/wp\/v2\/posts\/7120\/revisions\/7121"}],"wp:featuredmedia":[{"embeddable":true,"href":"https:\/\/cafecommessias.com.br\/index.php?rest_route=\/wp\/v2\/media\/7122"}],"wp:attachment":[{"href":"https:\/\/cafecommessias.com.br\/index.php?rest_route=%2Fwp%2Fv2%2Fmedia&parent=7120"}],"wp:term":[{"taxonomy":"category","embeddable":true,"href":"https:\/\/cafecommessias.com.br\/index.php?rest_route=%2Fwp%2Fv2%2Fcategories&post=7120"},{"taxonomy":"post_tag","embeddable":true,"href":"https:\/\/cafecommessias.com.br\/index.php?rest_route=%2Fwp%2Fv2%2Ftags&post=7120"}],"curies":[{"name":"wp","href":"https:\/\/api.w.org\/{rel}","templated":true}]}}