{"id":7123,"date":"2025-12-24T06:51:04","date_gmt":"2025-12-24T09:51:04","guid":{"rendered":"https:\/\/cafecommessias.com.br\/?p=7123"},"modified":"2025-12-24T06:51:50","modified_gmt":"2025-12-24T09:51:50","slug":"bolsonaro-deve-deixar-cadeia-nesta-quarta-24-para-cirurgia-apos-um-mes-preso","status":"publish","type":"post","link":"https:\/\/cafecommessias.com.br\/?p=7123","title":{"rendered":"Bolsonaro deve deixar cadeia nesta quarta (24) para cirurgia ap\u00f3s um m\u00eas preso"},"content":{"rendered":"\n<p>O ex-presidente Jair Bolsonaro (PL) deve deixar a pris\u00e3o pela primeira vez nesta quarta-feira (24), quando ser\u00e1 escoltado da Superintend\u00eancia da Pol\u00edcia Federal, em Bras\u00edlia, para ser internado no Hospital DF Star. Preso desde 22 de novembro, ele cumpre pena em sala de Estado-Maior e passar\u00e1 por uma cirurgia para corre\u00e7\u00e3o de duas h\u00e9rnias inguinais.<\/p>\n\n\n\n<p>A sa\u00edda da unidade ocorrer\u00e1 sob forte esquema de seguran\u00e7a, com escolta da Pol\u00edcia Federal at\u00e9 o hospital. Bolsonaro ficar\u00e1 internado a partir da v\u00e9spera de Natal e ser\u00e1 operado no dia 25. Durante a interna\u00e7\u00e3o, dois policiais permanecer\u00e3o na porta do quarto, al\u00e9m de vigil\u00e2ncia refor\u00e7ada na entrada do hospital. A esposa, Michelle Bolsonaro, poder\u00e1 acompanh\u00e1-lo.<\/p>\n\n\n\n<p>A autoriza\u00e7\u00e3o para o procedimento foi concedida pelo ministro Alexandre de Moraes, do Supremo Tribunal Federal, ap\u00f3s parecer favor\u00e1vel da Procuradoria-Geral da Rep\u00fablica. A decis\u00e3o se baseou em laudo pericial da Pol\u00edcia Federal, que apontou a necessidade de interven\u00e7\u00e3o cir\u00fargica, ainda que em car\u00e1ter eletivo, diante do risco de agravamento do quadro cl\u00ednico.<\/p>\n\n\n\n<p>De acordo com os peritos, Bolsonaro apresenta h\u00e9rnia inguinal bilateral, condi\u00e7\u00e3o que provoca dor e desconforto e pode gerar complica\u00e7\u00f5es caso n\u00e3o seja tratada. O relat\u00f3rio recomenda que a cirurgia seja realizada o quanto antes, embora n\u00e3o se trate de emerg\u00eancia imediata.<\/p>\n\n\n\n<p>Ap\u00f3s a alta m\u00e9dica, a determina\u00e7\u00e3o \u00e9 que o ex-presidente retorne diretamente para a Superintend\u00eancia da PF, onde seguir\u00e1 cumprindo a pena de 27 anos e tr\u00eas meses por tentativa de golpe de Estado. Bolsonaro est\u00e1 preso desde que teve a pris\u00e3o preventiva convertida em execu\u00e7\u00e3o de pena, ap\u00f3s violar a tornozeleira eletr\u00f4nica que utilizava.<\/p>\n\n\n\n<p><em><sub>Por Metr\u00f3poles<\/sub><\/em><\/p>\n\n\n\n<figure class=\"wp-block-image size-full\"><img loading=\"lazy\" decoding=\"async\" width=\"630\" height=\"96\" src=\"https:\/\/cafecommessias.com.br\/wp-content\/uploads\/2025\/12\/630x96-Adolescencia.png.webp\" alt=\"\" class=\"wp-image-6095\" srcset=\"https:\/\/cafecommessias.com.br\/wp-content\/uploads\/2025\/12\/630x96-Adolescencia.png.webp 630w, https:\/\/cafecommessias.com.br\/wp-content\/uploads\/2025\/12\/630x96-Adolescencia.png-300x46.webp 300w\" sizes=\"auto, (max-width: 630px) 100vw, 630px\" \/><\/figure>\n","protected":false},"excerpt":{"rendered":"<p>O ex-presidente Jair Bolsonaro (PL) deve deixar a pris\u00e3o pela primeira vez nesta quarta-feira (24), quando ser\u00e1 escoltado da Superintend\u00eancia da Pol\u00edcia Federal, em Bras\u00edlia, para ser internado no Hospital DF Star. Preso desde 22 de novembro, ele cumpre pena em sala de Estado-Maior e passar\u00e1 por uma cirurgia para corre\u00e7\u00e3o de duas h\u00e9rnias inguinais&#8230;.<\/p>\n","protected":false},"author":1,"featured_media":7124,"comment_status":"open","ping_status":"closed","sticky":false,"template":"","format":"standard","meta":{"footnotes":""},"categories":[4,3],"tags":[],"class_list":["post-7123","post","type-post","status-publish","format-standard","has-post-thumbnail","hentry","category-anuncie-aqui","category-geral"],"_links":{"self":[{"href":"https:\/\/cafecommessias.com.br\/index.php?rest_route=\/wp\/v2\/posts\/7123","targetHints":{"allow":["GET"]}}],"collection":[{"href":"https:\/\/cafecommessias.com.br\/index.php?rest_route=\/wp\/v2\/posts"}],"about":[{"href":"https:\/\/cafecommessias.com.br\/index.php?rest_route=\/wp\/v2\/types\/post"}],"author":[{"embeddable":true,"href":"https:\/\/cafecommessias.com.br\/index.php?rest_route=\/wp\/v2\/users\/1"}],"replies":[{"embeddable":true,"href":"https:\/\/cafecommessias.com.br\/index.php?rest_route=%2Fwp%2Fv2%2Fcomments&post=7123"}],"version-history":[{"count":1,"href":"https:\/\/cafecommessias.com.br\/index.php?rest_route=\/wp\/v2\/posts\/7123\/revisions"}],"predecessor-version":[{"id":7125,"href":"https:\/\/cafecommessias.com.br\/index.php?rest_route=\/wp\/v2\/posts\/7123\/revisions\/7125"}],"wp:featuredmedia":[{"embeddable":true,"href":"https:\/\/cafecommessias.com.br\/index.php?rest_route=\/wp\/v2\/media\/7124"}],"wp:attachment":[{"href":"https:\/\/cafecommessias.com.br\/index.php?rest_route=%2Fwp%2Fv2%2Fmedia&parent=7123"}],"wp:term":[{"taxonomy":"category","embeddable":true,"href":"https:\/\/cafecommessias.com.br\/index.php?rest_route=%2Fwp%2Fv2%2Fcategories&post=7123"},{"taxonomy":"post_tag","embeddable":true,"href":"https:\/\/cafecommessias.com.br\/index.php?rest_route=%2Fwp%2Fv2%2Ftags&post=7123"}],"curies":[{"name":"wp","href":"https:\/\/api.w.org\/{rel}","templated":true}]}}