{"id":7126,"date":"2025-12-24T06:52:54","date_gmt":"2025-12-24T09:52:54","guid":{"rendered":"https:\/\/cafecommessias.com.br\/?p=7126"},"modified":"2025-12-24T06:53:52","modified_gmt":"2025-12-24T09:53:52","slug":"pilotos-e-comissarios-ameacam-caos-nos-voos-na-vespera-do-ano-novo","status":"publish","type":"post","link":"https:\/\/cafecommessias.com.br\/?p=7126","title":{"rendered":"Pilotos e comiss\u00e1rios amea\u00e7am caos nos voos na v\u00e9spera do Ano Novo"},"content":{"rendered":"\n<p>Pilotos e comiss\u00e1rios da Azul e Gol declararam estado de greve nesta ter\u00e7a-feira (23), a poucos dias do fim de ano. A decis\u00e3o foi tomada depois que a categoria rejeitou, por diferen\u00e7a m\u00ednima, a proposta das companhias para renova\u00e7\u00e3o da Conven\u00e7\u00e3o Coletiva de Trabalho (CCT), mediada pelo Tribunal Superior do Trabalho (TST).<\/p>\n\n\n\n<p>A assembleia que vai definir se a greve de fato come\u00e7a est\u00e1 marcada para segunda-feira (29), \u00e0s 9h30, na sede do Sindicato Nacional dos Aeronautas (SNA), em S\u00e3o Paulo. At\u00e9 l\u00e1, os tripulantes seguem trabalhando normalmente. Se aprovada, a paralisa\u00e7\u00e3o s\u00f3 ter\u00e1 in\u00edcio ap\u00f3s 72 horas, prazo legal.<\/p>\n\n\n\n<p>Os aeronautas exigem reajuste salarial pelo INPC mais 3%, aumento do vale-alimenta\u00e7\u00e3o, previd\u00eancia privada, pagamento em dobro da hora noturna e combate \u00e0 fadiga \u2014 tema ligado \u00e0 sa\u00fade e \u00e0 seguran\u00e7a dos voos. O TST apresentou contraproposta: INPC mais 0,5% e aumento de 8% no vale-alimenta\u00e7\u00e3o.<\/p>\n\n\n\n<p>O impasse chega no per\u00edodo de maior movimento do transporte a\u00e9reo, \u00e0s v\u00e9speras do Ano Novo, e pode afetar voos em todo o pa\u00eds. O sindicato reconhece que uma greve causaria transtornos, mas diz que a mobiliza\u00e7\u00e3o \u00e9 o \u00faltimo recurso diante da falta de acordo.<\/p>\n\n\n\n<p class=\"has-text-align-center\"><strong><em>PUBLICIDADE<\/em><\/strong><\/p>\n\n\n\n<figure class=\"wp-block-image size-large\"><img decoding=\"async\" src=\"https:\/\/cafecommessias.com.br\/wp-content\/uploads\/2025\/12\/Banner-IPTU-1190x250px.gif\" alt=\"\"\/><\/figure>\n","protected":false},"excerpt":{"rendered":"<p>Pilotos e comiss\u00e1rios da Azul e Gol declararam estado de greve nesta ter\u00e7a-feira (23), a poucos dias do fim de ano. A decis\u00e3o foi tomada depois que a categoria rejeitou, por diferen\u00e7a m\u00ednima, a proposta das companhias para renova\u00e7\u00e3o da Conven\u00e7\u00e3o Coletiva de Trabalho (CCT), mediada pelo Tribunal Superior do Trabalho (TST). A assembleia que&#8230;<\/p>\n","protected":false},"author":1,"featured_media":7127,"comment_status":"open","ping_status":"closed","sticky":false,"template":"","format":"standard","meta":{"footnotes":""},"categories":[4,3],"tags":[],"class_list":["post-7126","post","type-post","status-publish","format-standard","has-post-thumbnail","hentry","category-anuncie-aqui","category-geral"],"_links":{"self":[{"href":"https:\/\/cafecommessias.com.br\/index.php?rest_route=\/wp\/v2\/posts\/7126","targetHints":{"allow":["GET"]}}],"collection":[{"href":"https:\/\/cafecommessias.com.br\/index.php?rest_route=\/wp\/v2\/posts"}],"about":[{"href":"https:\/\/cafecommessias.com.br\/index.php?rest_route=\/wp\/v2\/types\/post"}],"author":[{"embeddable":true,"href":"https:\/\/cafecommessias.com.br\/index.php?rest_route=\/wp\/v2\/users\/1"}],"replies":[{"embeddable":true,"href":"https:\/\/cafecommessias.com.br\/index.php?rest_route=%2Fwp%2Fv2%2Fcomments&post=7126"}],"version-history":[{"count":2,"href":"https:\/\/cafecommessias.com.br\/index.php?rest_route=\/wp\/v2\/posts\/7126\/revisions"}],"predecessor-version":[{"id":7130,"href":"https:\/\/cafecommessias.com.br\/index.php?rest_route=\/wp\/v2\/posts\/7126\/revisions\/7130"}],"wp:featuredmedia":[{"embeddable":true,"href":"https:\/\/cafecommessias.com.br\/index.php?rest_route=\/wp\/v2\/media\/7127"}],"wp:attachment":[{"href":"https:\/\/cafecommessias.com.br\/index.php?rest_route=%2Fwp%2Fv2%2Fmedia&parent=7126"}],"wp:term":[{"taxonomy":"category","embeddable":true,"href":"https:\/\/cafecommessias.com.br\/index.php?rest_route=%2Fwp%2Fv2%2Fcategories&post=7126"},{"taxonomy":"post_tag","embeddable":true,"href":"https:\/\/cafecommessias.com.br\/index.php?rest_route=%2Fwp%2Fv2%2Ftags&post=7126"}],"curies":[{"name":"wp","href":"https:\/\/api.w.org\/{rel}","templated":true}]}}