{"id":7131,"date":"2025-12-24T06:56:49","date_gmt":"2025-12-24T09:56:49","guid":{"rendered":"https:\/\/cafecommessias.com.br\/?p=7131"},"modified":"2025-12-24T06:57:00","modified_gmt":"2025-12-24T09:57:00","slug":"brasil-acusa-eua-de-violar-onu-e-cobra-fim-do-bloqueio-contra-a-venezuela","status":"publish","type":"post","link":"https:\/\/cafecommessias.com.br\/?p=7131","title":{"rendered":"Brasil acusa EUA de violar ONU e cobra fim do bloqueio contra a Venezuela"},"content":{"rendered":"\n<p>O Brasil afirmou, nesta ter\u00e7a-feira (23), que a mobiliza\u00e7\u00e3o militar dos Estados Unidos no Caribe e o bloqueio naval contra a Venezuela violam a Carta das Na\u00e7\u00f5es Unidas e precisam ser interrompidos. A posi\u00e7\u00e3o foi declarada pelo embaixador brasileiro na ONU, S\u00e9rgio Danese, durante reuni\u00e3o do Conselho de Seguran\u00e7a convocada a pedido de Caracas.<\/p>\n\n\n\n<p>Danese disse que as a\u00e7\u00f5es dos EUA \u201cdevem cessar imediata e incondicionalmente\u201d e defendeu que qualquer solu\u00e7\u00e3o seja alcan\u00e7ada por di\u00e1logo e instrumentos jur\u00eddicos, sem coer\u00e7\u00e3o ou uso da for\u00e7a, segundo informa\u00e7\u00f5es da CNN. Ele refor\u00e7ou que o Brasil defende o multilateralismo, a paz na Am\u00e9rica Latina e o respeito ao direito internacional.<\/p>\n\n\n\n<p>Os Estados Unidos, por sua vez, anunciaram san\u00e7\u00f5es rigorosas contra a Venezuela, com a justificativa de privar Nicol\u00e1s Maduro de recursos. Washington mant\u00e9m presen\u00e7a militar no Caribe h\u00e1 quase quatro meses, alegando combate ao narcotr\u00e1fico, mas a Venezuela denuncia que a a\u00e7\u00e3o visa provocar uma mudan\u00e7a de regime.<\/p>\n\n\n\n<p>A escalada preocupa a regi\u00e3o: em declara\u00e7\u00f5es recentes, Trump refor\u00e7ou amea\u00e7as de bloqueio total a petroleiros venezuelanos e ataques militares. Paralelamente, a R\u00fassia alertou os EUA sobre um \u201cerro fatal\u201d que poderia gerar consequ\u00eancias imprevis\u00edveis para o Ocidente.<\/p>\n\n\n\n<p class=\"has-text-align-center\"><strong><em>PUBLICIDADE<\/em><\/strong><\/p>\n\n\n\n<figure class=\"wp-block-image size-large\"><img loading=\"lazy\" decoding=\"async\" width=\"1024\" height=\"171\" src=\"https:\/\/cafecommessias.com.br\/wp-content\/uploads\/2025\/12\/DISQUE-180_1320X220-1024x171.gif\" alt=\"\" class=\"wp-image-5753\" srcset=\"https:\/\/cafecommessias.com.br\/wp-content\/uploads\/2025\/12\/DISQUE-180_1320X220-1024x171.gif 1024w, https:\/\/cafecommessias.com.br\/wp-content\/uploads\/2025\/12\/DISQUE-180_1320X220-300x50.gif 300w, https:\/\/cafecommessias.com.br\/wp-content\/uploads\/2025\/12\/DISQUE-180_1320X220-768x128.gif 768w\" sizes=\"auto, (max-width: 1024px) 100vw, 1024px\" \/><\/figure>\n\n\n\n<p class=\"has-text-align-center\"><a href=\"https:\/\/www.blogdobg.com.br\/brasil-acusa-eua-de-violar-onu-e-cobra-fim-do-bloqueio-contra-a-venezuela\/#comentarios\"><\/a><\/p>\n\n\n\n<p><a href=\"tg:\/\/msg?text=https%3A%2F%2Fwww.blogdobg.com.br%2Fbrasil-acusa-eua-de-violar-onu-e-cobra-fim-do-bloqueio-contra-a-venezuela%2F%20Brasil%20acusa%20EUA%20de%20violar%20ONU%20e%20cobra%20fim%20do%20bloqueio%20contra%20a%20Venezuela\"><\/a><\/p>\n","protected":false},"excerpt":{"rendered":"<p>O Brasil afirmou, nesta ter\u00e7a-feira (23), que a mobiliza\u00e7\u00e3o militar dos Estados Unidos no Caribe e o bloqueio naval contra a Venezuela violam a Carta das Na\u00e7\u00f5es Unidas e precisam ser interrompidos. A posi\u00e7\u00e3o foi declarada pelo embaixador brasileiro na ONU, S\u00e9rgio Danese, durante reuni\u00e3o do Conselho de Seguran\u00e7a convocada a pedido de Caracas. Danese&#8230;<\/p>\n","protected":false},"author":1,"featured_media":7132,"comment_status":"open","ping_status":"closed","sticky":false,"template":"","format":"standard","meta":{"footnotes":""},"categories":[4,3],"tags":[],"class_list":["post-7131","post","type-post","status-publish","format-standard","has-post-thumbnail","hentry","category-anuncie-aqui","category-geral"],"_links":{"self":[{"href":"https:\/\/cafecommessias.com.br\/index.php?rest_route=\/wp\/v2\/posts\/7131","targetHints":{"allow":["GET"]}}],"collection":[{"href":"https:\/\/cafecommessias.com.br\/index.php?rest_route=\/wp\/v2\/posts"}],"about":[{"href":"https:\/\/cafecommessias.com.br\/index.php?rest_route=\/wp\/v2\/types\/post"}],"author":[{"embeddable":true,"href":"https:\/\/cafecommessias.com.br\/index.php?rest_route=\/wp\/v2\/users\/1"}],"replies":[{"embeddable":true,"href":"https:\/\/cafecommessias.com.br\/index.php?rest_route=%2Fwp%2Fv2%2Fcomments&post=7131"}],"version-history":[{"count":1,"href":"https:\/\/cafecommessias.com.br\/index.php?rest_route=\/wp\/v2\/posts\/7131\/revisions"}],"predecessor-version":[{"id":7133,"href":"https:\/\/cafecommessias.com.br\/index.php?rest_route=\/wp\/v2\/posts\/7131\/revisions\/7133"}],"wp:featuredmedia":[{"embeddable":true,"href":"https:\/\/cafecommessias.com.br\/index.php?rest_route=\/wp\/v2\/media\/7132"}],"wp:attachment":[{"href":"https:\/\/cafecommessias.com.br\/index.php?rest_route=%2Fwp%2Fv2%2Fmedia&parent=7131"}],"wp:term":[{"taxonomy":"category","embeddable":true,"href":"https:\/\/cafecommessias.com.br\/index.php?rest_route=%2Fwp%2Fv2%2Fcategories&post=7131"},{"taxonomy":"post_tag","embeddable":true,"href":"https:\/\/cafecommessias.com.br\/index.php?rest_route=%2Fwp%2Fv2%2Ftags&post=7131"}],"curies":[{"name":"wp","href":"https:\/\/api.w.org\/{rel}","templated":true}]}}