{"id":7159,"date":"2025-12-24T16:43:44","date_gmt":"2025-12-24T19:43:44","guid":{"rendered":"https:\/\/cafecommessias.com.br\/?p=7159"},"modified":"2025-12-24T16:43:58","modified_gmt":"2025-12-24T19:43:58","slug":"sem-agua-ha-mais-de-45-dias-moradores-fecham-rn-015-em-protesto-em-barauna","status":"publish","type":"post","link":"https:\/\/cafecommessias.com.br\/?p=7159","title":{"rendered":"Sem \u00e1gua h\u00e1 mais de 45 dias, moradores fecham RN-015 em protesto em Bara\u00fana"},"content":{"rendered":"\n<p>A falta de \u00e1gua por mais de 45 dias levou moradores de Bara\u00fana, no Oeste potiguar, a interditarem a RN-015 em protesto pela interrup\u00e7\u00e3o do abastecimento. O ato, ocorrido no bairro Mataburro, reuniu moradores do bairro Filad\u00e9lfia, um dos mais afetados.<\/p>\n\n\n\n<p>Com pneus incendiados sobre a pista, a rodovia ficou bloqueada nos dois sentidos. O ato provocou congestionamento e longas filas de caminh\u00f5es e carros, especialmente para quem seguia em dire\u00e7\u00e3o ao Cear\u00e1, uma das principais rotas da regi\u00e3o, segundo informa\u00e7\u00f5es do Icem Cara\u00fabas.<\/p>\n\n\n\n<p>Segundo os moradores, o desabastecimento se arrasta h\u00e1 mais de um m\u00eas e meio, sem qualquer resposta concreta das autoridades. A popula\u00e7\u00e3o afirma que buscou esclarecimentos junto \u00e0 Companhia de \u00c1gua e Esgoto do Rio Grande do Norte (Caern), mas a empresa atribui o problema \u00e0 Prefeitura de Bara\u00fana.<\/p>\n\n\n\n<p>J\u00e1 o munic\u00edpio, de acordo com os manifestantes, transfere a responsabilidade para a Caern. O resultado \u00e9 um impasse que, na pr\u00e1tica, mant\u00e9m milhares de pessoas sem acesso a um servi\u00e7o essencial. Durante o protesto, uma moradora fez um desabafo emocionado e cobrou uma solu\u00e7\u00e3o imediata. \u201cChega de mentira, chega dessa situa\u00e7\u00e3o. A gente n\u00e3o aguenta mais\u201d, afirmou.<\/p>\n\n\n\n<p><em><sub>Por Novo Not\u00edcias\u00a0<\/sub><\/em><\/p>\n\n\n\n<p><\/p>\n","protected":false},"excerpt":{"rendered":"<p>A falta de \u00e1gua por mais de 45 dias levou moradores de Bara\u00fana, no Oeste potiguar, a interditarem a RN-015 em protesto pela interrup\u00e7\u00e3o do abastecimento. O ato, ocorrido no bairro Mataburro, reuniu moradores do bairro Filad\u00e9lfia, um dos mais afetados. Com pneus incendiados sobre a pista, a rodovia ficou bloqueada nos dois sentidos. O&#8230;<\/p>\n","protected":false},"author":1,"featured_media":7160,"comment_status":"open","ping_status":"closed","sticky":false,"template":"","format":"standard","meta":{"footnotes":""},"categories":[8],"tags":[],"class_list":["post-7159","post","type-post","status-publish","format-standard","has-post-thumbnail","hentry","category-cidades"],"_links":{"self":[{"href":"https:\/\/cafecommessias.com.br\/index.php?rest_route=\/wp\/v2\/posts\/7159","targetHints":{"allow":["GET"]}}],"collection":[{"href":"https:\/\/cafecommessias.com.br\/index.php?rest_route=\/wp\/v2\/posts"}],"about":[{"href":"https:\/\/cafecommessias.com.br\/index.php?rest_route=\/wp\/v2\/types\/post"}],"author":[{"embeddable":true,"href":"https:\/\/cafecommessias.com.br\/index.php?rest_route=\/wp\/v2\/users\/1"}],"replies":[{"embeddable":true,"href":"https:\/\/cafecommessias.com.br\/index.php?rest_route=%2Fwp%2Fv2%2Fcomments&post=7159"}],"version-history":[{"count":1,"href":"https:\/\/cafecommessias.com.br\/index.php?rest_route=\/wp\/v2\/posts\/7159\/revisions"}],"predecessor-version":[{"id":7161,"href":"https:\/\/cafecommessias.com.br\/index.php?rest_route=\/wp\/v2\/posts\/7159\/revisions\/7161"}],"wp:featuredmedia":[{"embeddable":true,"href":"https:\/\/cafecommessias.com.br\/index.php?rest_route=\/wp\/v2\/media\/7160"}],"wp:attachment":[{"href":"https:\/\/cafecommessias.com.br\/index.php?rest_route=%2Fwp%2Fv2%2Fmedia&parent=7159"}],"wp:term":[{"taxonomy":"category","embeddable":true,"href":"https:\/\/cafecommessias.com.br\/index.php?rest_route=%2Fwp%2Fv2%2Fcategories&post=7159"},{"taxonomy":"post_tag","embeddable":true,"href":"https:\/\/cafecommessias.com.br\/index.php?rest_route=%2Fwp%2Fv2%2Ftags&post=7159"}],"curies":[{"name":"wp","href":"https:\/\/api.w.org\/{rel}","templated":true}]}}