{"id":7165,"date":"2025-12-24T16:48:31","date_gmt":"2025-12-24T19:48:31","guid":{"rendered":"https:\/\/cafecommessias.com.br\/?p=7165"},"modified":"2025-12-24T16:48:45","modified_gmt":"2025-12-24T19:48:45","slug":"governo-do-rn-confirma-pagamento-do-13o-salario-para-9-de-janeiro-de-2026","status":"publish","type":"post","link":"https:\/\/cafecommessias.com.br\/?p=7165","title":{"rendered":"Governo do RN confirma pagamento do 13\u00ba sal\u00e1rio para 9 de janeiro de 2026"},"content":{"rendered":"\n<p>O Governo do Rio Grande do Norte confirmou, por meio de nota oficial divulgada nesta ter\u00e7a-feira (24), que o pagamento do 13\u00ba sal\u00e1rio dos servidores p\u00fablicos estaduais \u2014 ativos, aposentados e pensionistas \u2014 ser\u00e1 realizado no dia 9 de janeiro de 2026, terceiro dia \u00fatil do m\u00eas.<\/p>\n\n\n\n<p>Segundo o Executivo estadual, a defini\u00e7\u00e3o do calend\u00e1rio levou em considera\u00e7\u00e3o o atual cen\u00e1rio financeiro e o compromisso com uma programa\u00e7\u00e3o considerada respons\u00e1vel, que assegure o pagamento integral da folha e a continuidade dos servi\u00e7os p\u00fablicos.<\/p>\n\n\n\n<p>A confirma\u00e7\u00e3o ocorre ap\u00f3s declara\u00e7\u00f5es anteriores do secret\u00e1rio estadual da Fazenda, Carlos Eduardo Xavier, que havia informado, em entrevista no \u00faltimo dia 10 ao Jornal da Manh\u00e3 Natal, da Jovem Pan News Natal, que o governo trabalhava com a possibilidade de pagar o 13\u00ba em duas etapas, com a conclus\u00e3o at\u00e9, no m\u00e1ximo, o dia 10 de janeiro, a exemplo do que ocorreu em anos anteriores da gest\u00e3o da governadora F\u00e1tima Bezerra.<\/p>\n\n\n\n<p>Apesar da defini\u00e7\u00e3o do calend\u00e1rio, a 1\u00aa Vara da Fazenda P\u00fablica de Natal havia determinado que o Estado quitasse o 13\u00ba sal\u00e1rio dos servidores da Sa\u00fade e da Seguran\u00e7a P\u00fablica at\u00e9 o \u00faltimo dia de 2025. As decis\u00f5es atendem a a\u00e7\u00f5es movidas por sindicatos das categorias e destacam o car\u00e1ter alimentar da verba.<\/p>\n\n\n\n<p><em><sub>Por\u00a0<a href=\"https:\/\/tribunadonorte.com.br\/rio-grande-do-norte\/governo-do-rn-confirma-pagamento-do-13o-salario-para-9-de-janeiro-de-2026\/\">Tribuna do Norte<\/a><\/sub><\/em><\/p>\n\n\n\n<p><\/p>\n","protected":false},"excerpt":{"rendered":"<p>O Governo do Rio Grande do Norte confirmou, por meio de nota oficial divulgada nesta ter\u00e7a-feira (24), que o pagamento do 13\u00ba sal\u00e1rio dos servidores p\u00fablicos estaduais \u2014 ativos, aposentados e pensionistas \u2014 ser\u00e1 realizado no dia 9 de janeiro de 2026, terceiro dia \u00fatil do m\u00eas. Segundo o Executivo estadual, a defini\u00e7\u00e3o do calend\u00e1rio&#8230;<\/p>\n","protected":false},"author":1,"featured_media":7166,"comment_status":"open","ping_status":"closed","sticky":false,"template":"","format":"standard","meta":{"footnotes":""},"categories":[3],"tags":[],"class_list":["post-7165","post","type-post","status-publish","format-standard","has-post-thumbnail","hentry","category-geral"],"_links":{"self":[{"href":"https:\/\/cafecommessias.com.br\/index.php?rest_route=\/wp\/v2\/posts\/7165","targetHints":{"allow":["GET"]}}],"collection":[{"href":"https:\/\/cafecommessias.com.br\/index.php?rest_route=\/wp\/v2\/posts"}],"about":[{"href":"https:\/\/cafecommessias.com.br\/index.php?rest_route=\/wp\/v2\/types\/post"}],"author":[{"embeddable":true,"href":"https:\/\/cafecommessias.com.br\/index.php?rest_route=\/wp\/v2\/users\/1"}],"replies":[{"embeddable":true,"href":"https:\/\/cafecommessias.com.br\/index.php?rest_route=%2Fwp%2Fv2%2Fcomments&post=7165"}],"version-history":[{"count":1,"href":"https:\/\/cafecommessias.com.br\/index.php?rest_route=\/wp\/v2\/posts\/7165\/revisions"}],"predecessor-version":[{"id":7167,"href":"https:\/\/cafecommessias.com.br\/index.php?rest_route=\/wp\/v2\/posts\/7165\/revisions\/7167"}],"wp:featuredmedia":[{"embeddable":true,"href":"https:\/\/cafecommessias.com.br\/index.php?rest_route=\/wp\/v2\/media\/7166"}],"wp:attachment":[{"href":"https:\/\/cafecommessias.com.br\/index.php?rest_route=%2Fwp%2Fv2%2Fmedia&parent=7165"}],"wp:term":[{"taxonomy":"category","embeddable":true,"href":"https:\/\/cafecommessias.com.br\/index.php?rest_route=%2Fwp%2Fv2%2Fcategories&post=7165"},{"taxonomy":"post_tag","embeddable":true,"href":"https:\/\/cafecommessias.com.br\/index.php?rest_route=%2Fwp%2Fv2%2Ftags&post=7165"}],"curies":[{"name":"wp","href":"https:\/\/api.w.org\/{rel}","templated":true}]}}