{"id":717,"date":"2025-07-17T10:41:43","date_gmt":"2025-07-17T13:41:43","guid":{"rendered":"http:\/\/cafecommessias.com.br\/?p=717"},"modified":"2025-07-17T10:41:43","modified_gmt":"2025-07-17T13:41:43","slug":"analise-iof-nao-vai-fazer-justica-tributaria-mei-vai-pagar-o-dobro","status":"publish","type":"post","link":"https:\/\/cafecommessias.com.br\/?p=717","title":{"rendered":"An\u00e1lise: IOF n\u00e3o vai fazer justi\u00e7a tribut\u00e1ria; MEI vai pagar o dobro"},"content":{"rendered":"\n<p>Mudan\u00e7a na tarifa do Imposto sobre Opera\u00e7\u00f5es Financeiras afetar\u00e1 diretamente microempreendedores individuais e empresas do Simples em transa\u00e7\u00f5es como pessoa jur\u00eddica<\/p>\n\n\n\n<p>O governo federal validou o decreto que estabelece o aumento do Imposto sobre Opera\u00e7\u00f5es Financeiras (IOF), medida que impactar\u00e1 significativamente microempreendedores e pequenas empresas.<\/p>\n\n\n\n<p>A altera\u00e7\u00e3o determina a duplica\u00e7\u00e3o da tarifa do IOF para opera\u00e7\u00f5es di\u00e1rias realizadas por pessoas jur\u00eddicas. A mudan\u00e7a atinge diretamente os microempreendedores individuais (MEIs) e empresas optantes pelo Simples Nacional.<\/p>\n\n\n\n<p>Segundo a avalia\u00e7\u00e3o da analista de Economia da CNN Thais Her\u00e9dia, na pr\u00e1tica, quando estes empres\u00e1rios realizarem opera\u00e7\u00f5es financeiras como pessoa jur\u00eddica, incluindo a tomada de empr\u00e9stimos, ter\u00e3o que arcar com uma tributa\u00e7\u00e3o duas vezes maior que a atual.<\/p>\n\n\n\n<h4 class=\"wp-block-heading\">Impacto nas pequenas empresas<\/h4>\n\n\n\n<p>A nova medida contrasta com o discurso oficial sobre justi\u00e7a tribut\u00e1ria, uma vez que imp\u00f5e um \u00f4nus adicional justamente sobre o segmento dos pequenos neg\u00f3cios. O aumento da carga tribut\u00e1ria para este setor pode representar um obst\u00e1culo significativo para o desenvolvimento e a sustentabilidade das micro e pequenas empresas.<\/p>\n\n\n\n<p>A eleva\u00e7\u00e3o do IOF surge em um momento em que muitos pequenos empres\u00e1rios j\u00e1 enfrentam desafios financeiros consider\u00e1veis. Com a duplica\u00e7\u00e3o da tarifa, o acesso ao cr\u00e9dito e outras opera\u00e7\u00f5es financeiras se tornar\u00e1 mais oneroso para este segmento do mercado, que tem papel fundamental na gera\u00e7\u00e3o de empregos e renda no pa\u00eds.<\/p>\n\n\n\n<p><sub>por CNN<\/sub><\/p>\n\n\n\n<p><\/p>\n","protected":false},"excerpt":{"rendered":"<p>Mudan\u00e7a na tarifa do Imposto sobre Opera\u00e7\u00f5es Financeiras afetar\u00e1 diretamente microempreendedores individuais e empresas do Simples em transa\u00e7\u00f5es como pessoa jur\u00eddica O governo federal validou o decreto que estabelece o aumento do Imposto sobre Opera\u00e7\u00f5es Financeiras (IOF), medida que impactar\u00e1 significativamente microempreendedores e pequenas empresas. A altera\u00e7\u00e3o determina a duplica\u00e7\u00e3o da tarifa do IOF para&#8230;<\/p>\n","protected":false},"author":1,"featured_media":718,"comment_status":"open","ping_status":"open","sticky":false,"template":"","format":"standard","meta":{"footnotes":""},"categories":[1],"tags":[],"class_list":["post-717","post","type-post","status-publish","format-standard","has-post-thumbnail","hentry","category-saude"],"_links":{"self":[{"href":"https:\/\/cafecommessias.com.br\/index.php?rest_route=\/wp\/v2\/posts\/717","targetHints":{"allow":["GET"]}}],"collection":[{"href":"https:\/\/cafecommessias.com.br\/index.php?rest_route=\/wp\/v2\/posts"}],"about":[{"href":"https:\/\/cafecommessias.com.br\/index.php?rest_route=\/wp\/v2\/types\/post"}],"author":[{"embeddable":true,"href":"https:\/\/cafecommessias.com.br\/index.php?rest_route=\/wp\/v2\/users\/1"}],"replies":[{"embeddable":true,"href":"https:\/\/cafecommessias.com.br\/index.php?rest_route=%2Fwp%2Fv2%2Fcomments&post=717"}],"version-history":[{"count":1,"href":"https:\/\/cafecommessias.com.br\/index.php?rest_route=\/wp\/v2\/posts\/717\/revisions"}],"predecessor-version":[{"id":719,"href":"https:\/\/cafecommessias.com.br\/index.php?rest_route=\/wp\/v2\/posts\/717\/revisions\/719"}],"wp:featuredmedia":[{"embeddable":true,"href":"https:\/\/cafecommessias.com.br\/index.php?rest_route=\/wp\/v2\/media\/718"}],"wp:attachment":[{"href":"https:\/\/cafecommessias.com.br\/index.php?rest_route=%2Fwp%2Fv2%2Fmedia&parent=717"}],"wp:term":[{"taxonomy":"category","embeddable":true,"href":"https:\/\/cafecommessias.com.br\/index.php?rest_route=%2Fwp%2Fv2%2Fcategories&post=717"},{"taxonomy":"post_tag","embeddable":true,"href":"https:\/\/cafecommessias.com.br\/index.php?rest_route=%2Fwp%2Fv2%2Ftags&post=717"}],"curies":[{"name":"wp","href":"https:\/\/api.w.org\/{rel}","templated":true}]}}