{"id":7178,"date":"2025-12-24T21:27:57","date_gmt":"2025-12-25T00:27:57","guid":{"rendered":"https:\/\/cafecommessias.com.br\/?p=7178"},"modified":"2025-12-24T21:28:10","modified_gmt":"2025-12-25T00:28:10","slug":"apos-exames-bolsonaro-e-liberado-para-cirurgia-nesta-quinta-25","status":"publish","type":"post","link":"https:\/\/cafecommessias.com.br\/?p=7178","title":{"rendered":"Ap\u00f3s exames, Bolsonaro \u00e9 liberado para cirurgia nesta quinta (25)"},"content":{"rendered":"\n<p>O ex-presidente Jair Bolsonaro foi considerado apto para cirurgia e ser\u00e1 submetido a um procedimento na manh\u00e3 desta quinta-feira (25), feriado de Natal, \u00e0s 9h, no hospital DF Star, em Bras\u00edlia. A informa\u00e7\u00e3o consta em boletim m\u00e9dico divulgado nesta quarta-feira (24). A cirurgia tem dura\u00e7\u00e3o estimada de cerca de quatro horas e ser\u00e1 realizada sob anestesia geral.<\/p>\n\n\n\n<p>Segundo o hospital, Bolsonaro passou por exames pr\u00e9-operat\u00f3rios, avalia\u00e7\u00e3o cardiol\u00f3gica e an\u00e1lise de risco cir\u00fargico. O procedimento previsto \u00e9 uma herniorrafia inguinal bilateral, cirurgia feita para corrigir h\u00e9rnias na regi\u00e3o da virilha, quando parte de um \u00f3rg\u00e3o sai do lugar por fraqueza na musculatura.<\/p>\n\n\n\n<p>A necessidade de um bloqueio anest\u00e9sico espec\u00edfico ser\u00e1 avaliada durante a interna\u00e7\u00e3o, conforme a evolu\u00e7\u00e3o cl\u00ednica.<\/p>\n\n\n\n<p>Bolsonaro est\u00e1 internado desde a manh\u00e3 desta quarta, ap\u00f3s ser transferido da Superintend\u00eancia da Pol\u00edcia Federal, em Bras\u00edlia, para o hospital, com autoriza\u00e7\u00e3o do ministro Alexandre de Moraes, do STF.<\/p>\n\n\n\n<p>N\u00e3o h\u00e1 previs\u00e3o de alta. A equipe m\u00e9dica informou que o ex-presidente deve permanecer internado entre cinco e sete dias. H\u00e1 ainda a possibilidade de realiza\u00e7\u00e3o de um procedimento n\u00e3o cir\u00fargico para aliviar uma crise de solu\u00e7os, caso o quadro persista.<\/p>\n","protected":false},"excerpt":{"rendered":"<p>O ex-presidente Jair Bolsonaro foi considerado apto para cirurgia e ser\u00e1 submetido a um procedimento na manh\u00e3 desta quinta-feira (25), feriado de Natal, \u00e0s 9h, no hospital DF Star, em Bras\u00edlia. A informa\u00e7\u00e3o consta em boletim m\u00e9dico divulgado nesta quarta-feira (24). A cirurgia tem dura\u00e7\u00e3o estimada de cerca de quatro horas e ser\u00e1 realizada sob&#8230;<\/p>\n","protected":false},"author":1,"featured_media":7179,"comment_status":"open","ping_status":"closed","sticky":false,"template":"","format":"standard","meta":{"footnotes":""},"categories":[3],"tags":[],"class_list":["post-7178","post","type-post","status-publish","format-standard","has-post-thumbnail","hentry","category-geral"],"_links":{"self":[{"href":"https:\/\/cafecommessias.com.br\/index.php?rest_route=\/wp\/v2\/posts\/7178","targetHints":{"allow":["GET"]}}],"collection":[{"href":"https:\/\/cafecommessias.com.br\/index.php?rest_route=\/wp\/v2\/posts"}],"about":[{"href":"https:\/\/cafecommessias.com.br\/index.php?rest_route=\/wp\/v2\/types\/post"}],"author":[{"embeddable":true,"href":"https:\/\/cafecommessias.com.br\/index.php?rest_route=\/wp\/v2\/users\/1"}],"replies":[{"embeddable":true,"href":"https:\/\/cafecommessias.com.br\/index.php?rest_route=%2Fwp%2Fv2%2Fcomments&post=7178"}],"version-history":[{"count":1,"href":"https:\/\/cafecommessias.com.br\/index.php?rest_route=\/wp\/v2\/posts\/7178\/revisions"}],"predecessor-version":[{"id":7180,"href":"https:\/\/cafecommessias.com.br\/index.php?rest_route=\/wp\/v2\/posts\/7178\/revisions\/7180"}],"wp:featuredmedia":[{"embeddable":true,"href":"https:\/\/cafecommessias.com.br\/index.php?rest_route=\/wp\/v2\/media\/7179"}],"wp:attachment":[{"href":"https:\/\/cafecommessias.com.br\/index.php?rest_route=%2Fwp%2Fv2%2Fmedia&parent=7178"}],"wp:term":[{"taxonomy":"category","embeddable":true,"href":"https:\/\/cafecommessias.com.br\/index.php?rest_route=%2Fwp%2Fv2%2Fcategories&post=7178"},{"taxonomy":"post_tag","embeddable":true,"href":"https:\/\/cafecommessias.com.br\/index.php?rest_route=%2Fwp%2Fv2%2Ftags&post=7178"}],"curies":[{"name":"wp","href":"https:\/\/api.w.org\/{rel}","templated":true}]}}