{"id":7200,"date":"2025-12-24T21:46:10","date_gmt":"2025-12-25T00:46:10","guid":{"rendered":"https:\/\/cafecommessias.com.br\/?p=7200"},"modified":"2025-12-24T21:46:43","modified_gmt":"2025-12-25T00:46:43","slug":"papa-leao-xiv-alerta-negar-ajuda-a-pobres-e-rejeitar-a-deus","status":"publish","type":"post","link":"https:\/\/cafecommessias.com.br\/?p=7200","title":{"rendered":"Papa Le\u00e3o XIV alerta: \u2018negar ajuda a pobres \u00e9 rejeitar a Deus\u2019"},"content":{"rendered":"\n<p>Na sua primeira&nbsp;<a href=\"https:\/\/www.blogdobg.com.br\/papa-leao-14-celebra-1a-missa-do-galo-e-muda-horario-das-celebracoes-de-natal-no-vaticano\/\">Missa do Galo<\/a>, nesta quarta-feira (24), o Papa Le\u00e3o XIV afirmou que recusar ajuda a pobres e estrangeiros hoje equivale a rejeitar o pr\u00f3prio Deus. A celebra\u00e7\u00e3o ocorreu na Bas\u00edlica de S\u00e3o Pedro, no Vaticano, e foi acompanhada por cerca de 6 mil pessoas.<\/p>\n\n\n\n<p>Le\u00e3o lembrou que o nascimento de Jesus em um est\u00e1bulo, por falta de lugar em uma hospedaria, mostra que Deus se manifesta em cada pessoa. \u201cNa Terra, n\u00e3o h\u00e1 lugar para Deus se n\u00e3o h\u00e1 lugar para a pessoa humana. Recusar um \u00e9 recusar o outro\u201d, disse o papa, conduzindo os 1,4 bilh\u00e3o de cat\u00f3licos do mundo ao Natal.<\/p>\n\n\n\n<p>O papa, primeiro nascido nos Estados Unidos, fez do cuidado com imigrantes e pobres tema central do seu pontificado. Ele criticou pol\u00edticas econ\u00f4micas que tratam seres humanos como mercadoria e citou Bento XVI, lembrando que o mundo falha em proteger crian\u00e7as, pobres e estrangeiros. \u201cOnde h\u00e1 lugar para a pessoa humana, h\u00e1 lugar para Deus. At\u00e9 mesmo um est\u00e1bulo pode se tornar mais sagrado do que um templo\u201d, afirmou.<\/p>\n\n\n\n<p>Do lado de fora da bas\u00edlica, cerca de 5 mil fi\u00e9is acompanharam a missa por tel\u00f5es na Pra\u00e7a de S\u00e3o Pedro, mesmo sob chuva forte. Le\u00e3o saiu para cumprimentar os presentes e agradeceu a coragem deles. Na quinta-feira (25), ele celebrar\u00e1 a missa de Natal e far\u00e1 a tradicional b\u00ean\u00e7\u00e3o \u201cUrbi et Orbi\u201d, dirigida \u00e0 cidade e ao mundo. Assista \u00e0s celebra\u00e7\u00f5es&nbsp;<a href=\"https:\/\/www.youtube.com\/@VaticanNewsPT\">AQUI<\/a>.<\/p>\n\n\n\n<p class=\"has-text-align-center\"><strong><em>PUBLICIDADE<\/em><\/strong><a href=\"https:\/\/www.blogdobg.com.br\/papa-leao-xiv-alerta-negar-ajuda-a-pobres-e-rejeitar-a-deus\/#comentarios\"><\/a><a href=\"tg:\/\/msg?text=https%3A%2F%2Fwww.blogdobg.com.br%2Fpapa-leao-xiv-alerta-negar-ajuda-a-pobres-e-rejeitar-a-deus%2F%20Papa%20Le%C3%A3o%20XIV%20alerta%3A%20%E2%80%98negar%20ajuda%20a%20pobres%20%C3%A9%20rejeitar%20a%20Deus%E2%80%99\"><\/a><\/p>\n\n\n\n<figure class=\"wp-block-image size-large\"><img decoding=\"async\" src=\"https:\/\/cafecommessias.com.br\/wp-content\/uploads\/2025\/12\/Banner-natalemnatal-1190x250px.gif\" alt=\"\"\/><\/figure>\n","protected":false},"excerpt":{"rendered":"<p>Na sua primeira&nbsp;Missa do Galo, nesta quarta-feira (24), o Papa Le\u00e3o XIV afirmou que recusar ajuda a pobres e estrangeiros hoje equivale a rejeitar o pr\u00f3prio Deus. A celebra\u00e7\u00e3o ocorreu na Bas\u00edlica de S\u00e3o Pedro, no Vaticano, e foi acompanhada por cerca de 6 mil pessoas. Le\u00e3o lembrou que o nascimento de Jesus em um&#8230;<\/p>\n","protected":false},"author":1,"featured_media":7201,"comment_status":"open","ping_status":"closed","sticky":false,"template":"","format":"standard","meta":{"footnotes":""},"categories":[4,3],"tags":[],"class_list":["post-7200","post","type-post","status-publish","format-standard","has-post-thumbnail","hentry","category-anuncie-aqui","category-geral"],"_links":{"self":[{"href":"https:\/\/cafecommessias.com.br\/index.php?rest_route=\/wp\/v2\/posts\/7200","targetHints":{"allow":["GET"]}}],"collection":[{"href":"https:\/\/cafecommessias.com.br\/index.php?rest_route=\/wp\/v2\/posts"}],"about":[{"href":"https:\/\/cafecommessias.com.br\/index.php?rest_route=\/wp\/v2\/types\/post"}],"author":[{"embeddable":true,"href":"https:\/\/cafecommessias.com.br\/index.php?rest_route=\/wp\/v2\/users\/1"}],"replies":[{"embeddable":true,"href":"https:\/\/cafecommessias.com.br\/index.php?rest_route=%2Fwp%2Fv2%2Fcomments&post=7200"}],"version-history":[{"count":1,"href":"https:\/\/cafecommessias.com.br\/index.php?rest_route=\/wp\/v2\/posts\/7200\/revisions"}],"predecessor-version":[{"id":7202,"href":"https:\/\/cafecommessias.com.br\/index.php?rest_route=\/wp\/v2\/posts\/7200\/revisions\/7202"}],"wp:featuredmedia":[{"embeddable":true,"href":"https:\/\/cafecommessias.com.br\/index.php?rest_route=\/wp\/v2\/media\/7201"}],"wp:attachment":[{"href":"https:\/\/cafecommessias.com.br\/index.php?rest_route=%2Fwp%2Fv2%2Fmedia&parent=7200"}],"wp:term":[{"taxonomy":"category","embeddable":true,"href":"https:\/\/cafecommessias.com.br\/index.php?rest_route=%2Fwp%2Fv2%2Fcategories&post=7200"},{"taxonomy":"post_tag","embeddable":true,"href":"https:\/\/cafecommessias.com.br\/index.php?rest_route=%2Fwp%2Fv2%2Ftags&post=7200"}],"curies":[{"name":"wp","href":"https:\/\/api.w.org\/{rel}","templated":true}]}}