{"id":7206,"date":"2025-12-24T21:52:59","date_gmt":"2025-12-25T00:52:59","guid":{"rendered":"https:\/\/cafecommessias.com.br\/?p=7206"},"modified":"2025-12-24T21:54:16","modified_gmt":"2025-12-25T00:54:16","slug":"orgaos-publicos-estaduais-terao-mudanca-em-expedientes-devido-a-feriados-de-fim-de-ano","status":"publish","type":"post","link":"https:\/\/cafecommessias.com.br\/?p=7206","title":{"rendered":"\u00d3rg\u00e3os p\u00fablicos estaduais ter\u00e3o mudan\u00e7a em expedientes devido a feriados de fim de ano"},"content":{"rendered":"\n<p><strong>Servi\u00e7os essenciais como Sa\u00fade e Seguran\u00e7a P\u00fablica dever\u00e3o funcionar em regime de plant\u00e3o ou escala.<\/strong><\/p>\n\n\n\n<p>O Governo do Rio Grande do Norte havia publicado no Di\u00e1rio Oficial do Estado (DOE), do \u00faltimo dia 13, o decreto n\u00ba 35.177 colocando como ponto facultativo para os servidores p\u00fablicos estaduais o dia 26 de dezembro. Nesta segunda-feira (22), o decreto n\u00ba 35.209, inseriu tamb\u00e9m os dias 2 e 5 de janeiro como expedientes facultativos para os \u00f3rg\u00e3os da administra\u00e7\u00e3o direta e indireta, al\u00e9m de autarquias e funda\u00e7\u00f5es estaduais.<\/p>\n\n\n\n<p>Apesar da suspens\u00e3o do expediente regular, os decretos determinam que os dirigentes dos \u00f3rg\u00e3os e entidades adotem as provid\u00eancias necess\u00e1rias para garantir o funcionamento dos servi\u00e7os essenciais nas \u00e1reas de sa\u00fade, seguran\u00e7a p\u00fablica e outros considerados indispens\u00e1veis \u00e0 popula\u00e7\u00e3o, que dever\u00e3o funcionar em regime de plant\u00e3o ou escala.<\/p>\n\n\n\n<p>Confira os hor\u00e1rios de atendimentos dos servi\u00e7os do Executivo Estadual em raz\u00e3o dos feriados nacionais dos dias 25 e 1 de janeiro de 2026 e dos pontos facultativos (26 de dezembro, 2 e 5 de janeiro) &#8211; https:\/\/acesse.one\/W3t5I<\/p>\n\n\n\n<p><em><sub>ASSESSORIA DE COMUNICA\u00c7\u00c3O SOCIAL \u2013 ASSECOM<\/sub><\/em><\/p>\n\n\n\n<p class=\"has-text-align-center\"><strong><em>PUBLICIDADE<\/em><\/strong><\/p>\n\n\n\n<figure class=\"wp-block-image size-large\"><img decoding=\"async\" src=\"https:\/\/cafecommessias.com.br\/wp-content\/uploads\/2025\/12\/Banner-natalemnatal-1190x250px-1.gif\" alt=\"\"\/><\/figure>\n","protected":false},"excerpt":{"rendered":"<p>Servi\u00e7os essenciais como Sa\u00fade e Seguran\u00e7a P\u00fablica dever\u00e3o funcionar em regime de plant\u00e3o ou escala. O Governo do Rio Grande do Norte havia publicado no Di\u00e1rio Oficial do Estado (DOE), do \u00faltimo dia 13, o decreto n\u00ba 35.177 colocando como ponto facultativo para os servidores p\u00fablicos estaduais o dia 26 de dezembro. Nesta segunda-feira (22),&#8230;<\/p>\n","protected":false},"author":1,"featured_media":7207,"comment_status":"open","ping_status":"closed","sticky":false,"template":"","format":"standard","meta":{"footnotes":""},"categories":[4,3],"tags":[],"class_list":["post-7206","post","type-post","status-publish","format-standard","has-post-thumbnail","hentry","category-anuncie-aqui","category-geral"],"_links":{"self":[{"href":"https:\/\/cafecommessias.com.br\/index.php?rest_route=\/wp\/v2\/posts\/7206","targetHints":{"allow":["GET"]}}],"collection":[{"href":"https:\/\/cafecommessias.com.br\/index.php?rest_route=\/wp\/v2\/posts"}],"about":[{"href":"https:\/\/cafecommessias.com.br\/index.php?rest_route=\/wp\/v2\/types\/post"}],"author":[{"embeddable":true,"href":"https:\/\/cafecommessias.com.br\/index.php?rest_route=\/wp\/v2\/users\/1"}],"replies":[{"embeddable":true,"href":"https:\/\/cafecommessias.com.br\/index.php?rest_route=%2Fwp%2Fv2%2Fcomments&post=7206"}],"version-history":[{"count":2,"href":"https:\/\/cafecommessias.com.br\/index.php?rest_route=\/wp\/v2\/posts\/7206\/revisions"}],"predecessor-version":[{"id":7210,"href":"https:\/\/cafecommessias.com.br\/index.php?rest_route=\/wp\/v2\/posts\/7206\/revisions\/7210"}],"wp:featuredmedia":[{"embeddable":true,"href":"https:\/\/cafecommessias.com.br\/index.php?rest_route=\/wp\/v2\/media\/7207"}],"wp:attachment":[{"href":"https:\/\/cafecommessias.com.br\/index.php?rest_route=%2Fwp%2Fv2%2Fmedia&parent=7206"}],"wp:term":[{"taxonomy":"category","embeddable":true,"href":"https:\/\/cafecommessias.com.br\/index.php?rest_route=%2Fwp%2Fv2%2Fcategories&post=7206"},{"taxonomy":"post_tag","embeddable":true,"href":"https:\/\/cafecommessias.com.br\/index.php?rest_route=%2Fwp%2Fv2%2Ftags&post=7206"}],"curies":[{"name":"wp","href":"https:\/\/api.w.org\/{rel}","templated":true}]}}