{"id":7218,"date":"2025-12-25T07:11:50","date_gmt":"2025-12-25T10:11:50","guid":{"rendered":"https:\/\/cafecommessias.com.br\/?p=7218"},"modified":"2025-12-25T07:27:40","modified_gmt":"2025-12-25T10:27:40","slug":"governo-do-estado-convoca-730-profissionais-aprovados-em-concurso-da-sesap","status":"publish","type":"post","link":"https:\/\/cafecommessias.com.br\/?p=7218","title":{"rendered":"Governo do Estado convoca 730 profissionais aprovados em concurso da Sesap"},"content":{"rendered":"\n<p>O Governo do Rio Grande do Norte anunciou a convoca\u00e7\u00e3o de 730 profissionais aprovados no concurso p\u00fablico da Secretaria de Estado da Sa\u00fade P\u00fablica (Sesap). O an\u00fancio foi feito pela governadora F\u00e1tima Bezerra, ao lado do secret\u00e1rio estadual de Sa\u00fade, Alexandre Motta, por meio das redes sociais.<\/p>\n\n\n\n<p>A convoca\u00e7\u00e3o integra as a\u00e7\u00f5es do Executivo estadual para o fortalecimento da rede p\u00fablica de sa\u00fade, com impacto direto na amplia\u00e7\u00e3o e qualifica\u00e7\u00e3o do atendimento prestado \u00e0 popula\u00e7\u00e3o nos hospitais e unidades de sa\u00fade do Estado. Al\u00e9m de refor\u00e7ar o quadro funcional, a medida garante estabilidade e valoriza\u00e7\u00e3o aos servidores p\u00fablicos.<\/p>\n\n\n\n<p>De acordo com a governadora, a iniciativa faz parte de um cronograma mais amplo de chamamentos. Est\u00e1 prevista para a pr\u00f3xima semana a convoca\u00e7\u00e3o de mais 860 profissionais aprovados no mesmo concurso, o que ampliar\u00e1 ainda mais a capacidade de atendimento do Sistema \u00danico de Sa\u00fade (SUS) no Rio Grande do Norte.<\/p>\n\n\n\n<p>O concurso da Sesap \u00e9 considerado um marco para a recomposi\u00e7\u00e3o do quadro de pessoal da sa\u00fade estadual, atendendo a uma demanda hist\u00f3rica da categoria e fortalecendo a oferta de servi\u00e7os \u00e0 popula\u00e7\u00e3o potiguar.<\/p>\n\n\n\n<p class=\"has-text-align-center\"><strong><em>PUBLICIDADE<\/em><\/strong><\/p>\n\n\n\n<figure class=\"wp-block-image size-large\"><img decoding=\"async\" src=\"https:\/\/cafecommessias.com.br\/wp-content\/uploads\/2025\/12\/Banner-IPTU-1190x250px.gif\" alt=\"\"\/><\/figure>\n","protected":false},"excerpt":{"rendered":"<p>O Governo do Rio Grande do Norte anunciou a convoca\u00e7\u00e3o de 730 profissionais aprovados no concurso p\u00fablico da Secretaria de Estado da Sa\u00fade P\u00fablica (Sesap). O an\u00fancio foi feito pela governadora F\u00e1tima Bezerra, ao lado do secret\u00e1rio estadual de Sa\u00fade, Alexandre Motta, por meio das redes sociais. A convoca\u00e7\u00e3o integra as a\u00e7\u00f5es do Executivo estadual&#8230;<\/p>\n","protected":false},"author":1,"featured_media":7219,"comment_status":"open","ping_status":"closed","sticky":false,"template":"","format":"standard","meta":{"footnotes":""},"categories":[4,3],"tags":[],"class_list":["post-7218","post","type-post","status-publish","format-standard","has-post-thumbnail","hentry","category-anuncie-aqui","category-geral"],"_links":{"self":[{"href":"https:\/\/cafecommessias.com.br\/index.php?rest_route=\/wp\/v2\/posts\/7218","targetHints":{"allow":["GET"]}}],"collection":[{"href":"https:\/\/cafecommessias.com.br\/index.php?rest_route=\/wp\/v2\/posts"}],"about":[{"href":"https:\/\/cafecommessias.com.br\/index.php?rest_route=\/wp\/v2\/types\/post"}],"author":[{"embeddable":true,"href":"https:\/\/cafecommessias.com.br\/index.php?rest_route=\/wp\/v2\/users\/1"}],"replies":[{"embeddable":true,"href":"https:\/\/cafecommessias.com.br\/index.php?rest_route=%2Fwp%2Fv2%2Fcomments&post=7218"}],"version-history":[{"count":2,"href":"https:\/\/cafecommessias.com.br\/index.php?rest_route=\/wp\/v2\/posts\/7218\/revisions"}],"predecessor-version":[{"id":7221,"href":"https:\/\/cafecommessias.com.br\/index.php?rest_route=\/wp\/v2\/posts\/7218\/revisions\/7221"}],"wp:featuredmedia":[{"embeddable":true,"href":"https:\/\/cafecommessias.com.br\/index.php?rest_route=\/wp\/v2\/media\/7219"}],"wp:attachment":[{"href":"https:\/\/cafecommessias.com.br\/index.php?rest_route=%2Fwp%2Fv2%2Fmedia&parent=7218"}],"wp:term":[{"taxonomy":"category","embeddable":true,"href":"https:\/\/cafecommessias.com.br\/index.php?rest_route=%2Fwp%2Fv2%2Fcategories&post=7218"},{"taxonomy":"post_tag","embeddable":true,"href":"https:\/\/cafecommessias.com.br\/index.php?rest_route=%2Fwp%2Fv2%2Ftags&post=7218"}],"curies":[{"name":"wp","href":"https:\/\/api.w.org\/{rel}","templated":true}]}}