{"id":7232,"date":"2025-12-25T11:46:56","date_gmt":"2025-12-25T14:46:56","guid":{"rendered":"https:\/\/cafecommessias.com.br\/?p=7232"},"modified":"2025-12-25T11:47:16","modified_gmt":"2025-12-25T14:47:16","slug":"moraes-e-galipolo-omitiram-encontros-das-agendas-oficiais","status":"publish","type":"post","link":"https:\/\/cafecommessias.com.br\/?p=7232","title":{"rendered":"Moraes e Gal\u00edpolo omitiram encontros das agendas oficiais"},"content":{"rendered":"\n<p>O presidente do Banco Central, Gabriel Gal\u00edpolo, e o ministro Alexandre de Moraes, do Supremo Tribunal Federal (STF), n\u00e3o registraram em suas agendas oficiais encontros realizados recentemente entre ambos. A informa\u00e7\u00e3o \u00e9 da coluna da jornalista Andreza Matais, do Metr\u00f3poles.<\/p>\n\n\n\n<p>Em nota divulgada na ter\u00e7a-feira (23), Moraes informou ter se reunido com Gal\u00edpolo em duas ocasi\u00f5es: em 14 de agosto, ap\u00f3s o ministro ser alvo de san\u00e7\u00f5es dos Estados Unidos com base na Lei Magnitsky, e em 30 de setembro, depois de a mesma medida atingir sua esposa, a advogada Viviane Barci de Moraes.<\/p>\n\n\n\n<p>Apesar da confirma\u00e7\u00e3o, nenhum dos encontros consta nas agendas p\u00fablicas. Moraes n\u00e3o divulga seus compromissos oficiais.<\/p>\n\n\n\n<p>J\u00e1 Gal\u00edpolo costuma registrar reuni\u00f5es no sistema e-Agendas, da Controladoria-Geral da Uni\u00e3o (CGU), mas n\u00e3o h\u00e1 registros no dia 14 de agosto. Em 30 de setembro, duas audi\u00eancias previstas foram listadas, mas ambas acabaram canceladas. Procurado pela coluna da jornalista Andreza Matais, do Metr\u00f3poles, o chefe de gabinete de Gal\u00edpolo n\u00e3o respondeu.<\/p>\n","protected":false},"excerpt":{"rendered":"<p>O presidente do Banco Central, Gabriel Gal\u00edpolo, e o ministro Alexandre de Moraes, do Supremo Tribunal Federal (STF), n\u00e3o registraram em suas agendas oficiais encontros realizados recentemente entre ambos. A informa\u00e7\u00e3o \u00e9 da coluna da jornalista Andreza Matais, do Metr\u00f3poles. Em nota divulgada na ter\u00e7a-feira (23), Moraes informou ter se reunido com Gal\u00edpolo em duas&#8230;<\/p>\n","protected":false},"author":1,"featured_media":7233,"comment_status":"open","ping_status":"closed","sticky":false,"template":"","format":"standard","meta":{"footnotes":""},"categories":[3],"tags":[],"class_list":["post-7232","post","type-post","status-publish","format-standard","has-post-thumbnail","hentry","category-geral"],"_links":{"self":[{"href":"https:\/\/cafecommessias.com.br\/index.php?rest_route=\/wp\/v2\/posts\/7232","targetHints":{"allow":["GET"]}}],"collection":[{"href":"https:\/\/cafecommessias.com.br\/index.php?rest_route=\/wp\/v2\/posts"}],"about":[{"href":"https:\/\/cafecommessias.com.br\/index.php?rest_route=\/wp\/v2\/types\/post"}],"author":[{"embeddable":true,"href":"https:\/\/cafecommessias.com.br\/index.php?rest_route=\/wp\/v2\/users\/1"}],"replies":[{"embeddable":true,"href":"https:\/\/cafecommessias.com.br\/index.php?rest_route=%2Fwp%2Fv2%2Fcomments&post=7232"}],"version-history":[{"count":1,"href":"https:\/\/cafecommessias.com.br\/index.php?rest_route=\/wp\/v2\/posts\/7232\/revisions"}],"predecessor-version":[{"id":7234,"href":"https:\/\/cafecommessias.com.br\/index.php?rest_route=\/wp\/v2\/posts\/7232\/revisions\/7234"}],"wp:featuredmedia":[{"embeddable":true,"href":"https:\/\/cafecommessias.com.br\/index.php?rest_route=\/wp\/v2\/media\/7233"}],"wp:attachment":[{"href":"https:\/\/cafecommessias.com.br\/index.php?rest_route=%2Fwp%2Fv2%2Fmedia&parent=7232"}],"wp:term":[{"taxonomy":"category","embeddable":true,"href":"https:\/\/cafecommessias.com.br\/index.php?rest_route=%2Fwp%2Fv2%2Fcategories&post=7232"},{"taxonomy":"post_tag","embeddable":true,"href":"https:\/\/cafecommessias.com.br\/index.php?rest_route=%2Fwp%2Fv2%2Ftags&post=7232"}],"curies":[{"name":"wp","href":"https:\/\/api.w.org\/{rel}","templated":true}]}}