{"id":7235,"date":"2025-12-25T11:49:00","date_gmt":"2025-12-25T14:49:00","guid":{"rendered":"https:\/\/cafecommessias.com.br\/?p=7235"},"modified":"2025-12-25T11:57:17","modified_gmt":"2025-12-25T14:57:17","slug":"jair-bolsonaro-confirma-pre-candidatura-de-flavio-em-carta-aos-brasileiros-antes-de-cirurgia-leia-a-integra","status":"publish","type":"post","link":"https:\/\/cafecommessias.com.br\/?p=7235","title":{"rendered":"Antes de cirurgia, Bolsonaro confirma pr\u00e9-candidatura de Fl\u00e1vio Bolsonaro \u00e0 Presid\u00eancia em carta"},"content":{"rendered":"\n<p>O senador Fl\u00e1vio Bolsonaro (PL-RJ) leu nesta quinta-feira (25), na porta do hospital onde Jair Bolsonaro est\u00e1 internado, uma carta manuscrita pelo ex-presidente antes de passar por uma cirurgia.<\/p>\n\n\n\n<p>No texto, Bolsonaro afirma que decidiu indicar Fl\u00e1vio Bolsonaro como pr\u00e9-candidato \u00e0 Presid\u00eancia da Rep\u00fablica em 2026. Embora a carta traga a data de 25 de dezembro, Fl\u00e1vio disse que recebeu o documento no dia 23, por meio de um advogado, e que ele teria sido escrito na Superintend\u00eancia da Pol\u00edcia Federal.<\/p>\n\n\n\n<p>Segundo o senador, a carta serve para eliminar d\u00favidas sobre a posi\u00e7\u00e3o do pai e refor\u00e7ou a necessidade de unidade da direita para enfrentar o PT. \u201cPara mim, n\u00e3o muda nada, mas pode mudar para quem duvidava\u201d, afirmou.<\/p>\n\n\n\n<p>Bolsonaro passa por uma cirurgia de h\u00e9rnia inguinal na manh\u00e3 do Natal, com dura\u00e7\u00e3o estimada de tr\u00eas horas. De acordo com Fl\u00e1vio, o ex-presidente est\u00e1 sem solu\u00e7os, e os m\u00e9dicos ainda avaliar\u00e3o se ser\u00e1 necess\u00e1rio outro procedimento.<\/p>\n\n\n\n<p><strong>Leia a \u00edntegra da carta:<\/strong><\/p>\n\n\n\n<p><em>\u201cAo longo da minha vida, tenho enfrentado duras batalhas, pagando um pre\u00e7o alto, com a minha sa\u00fade e fam\u00edlia, para defender aquilo que acredito ser o melhor para o nosso Brasil.\u201d<\/em><\/p>\n\n\n\n<p><em>Diante desse cen\u00e1rio de injusti\u00e7a, e com o compromisso de n\u00e3o permitir que a vontade popular seja silenciada, tomo a decis\u00e3o de indicar Fl\u00e1vio Bolsonaro como pr\u00e9-candidato \u00e0 presid\u00eancia da rep\u00fablica em 2026.\u201d<\/em><\/p>\n\n\n\n<p><em>Entrego o que h\u00e1 de mais importante na vida de um pai: o pr\u00f3prio para a miss\u00e3o de resgatar o nosso Brasil. Trata-se de uma decis\u00e3o consciente, leg\u00edtima e amparada no desejo de preservar a representa\u00e7\u00e3o daqueles que confiaram em mim.\u201d<\/em><\/p>\n\n\n\n<p><em>Ele \u00e9 a continuidade do caminho da prosperidade que iniciei bem antes de ser presidente, pois acredito que precisamos retomar a responsabilidade de conduzir o Brasil com justi\u00e7a, firmeza e lealdade dos anseios do povo brasileiro.\u201d<\/em><\/p>\n\n\n\n<p><em>Que Deus aben\u00e7oe e o capacite na lideran\u00e7a dessa corrente de milh\u00f5es de brasileiros que honram a Deus, a p\u00e1tria, a fam\u00edlia e a liberdade.\u201d<\/em><\/p>\n\n\n\n<p><em>Bras\u00edlia, 25 de dezembro de 2025.<br>Jair Messias Bolsonaro.\u201d<\/em><\/p>\n","protected":false},"excerpt":{"rendered":"<p>O senador Fl\u00e1vio Bolsonaro (PL-RJ) leu nesta quinta-feira (25), na porta do hospital onde Jair Bolsonaro est\u00e1 internado, uma carta manuscrita pelo ex-presidente antes de passar por uma cirurgia. No texto, Bolsonaro afirma que decidiu indicar Fl\u00e1vio Bolsonaro como pr\u00e9-candidato \u00e0 Presid\u00eancia da Rep\u00fablica em 2026. Embora a carta traga a data de 25 de&#8230;<\/p>\n","protected":false},"author":1,"featured_media":7246,"comment_status":"open","ping_status":"closed","sticky":false,"template":"","format":"standard","meta":{"footnotes":""},"categories":[3],"tags":[],"class_list":["post-7235","post","type-post","status-publish","format-standard","has-post-thumbnail","hentry","category-geral"],"_links":{"self":[{"href":"https:\/\/cafecommessias.com.br\/index.php?rest_route=\/wp\/v2\/posts\/7235","targetHints":{"allow":["GET"]}}],"collection":[{"href":"https:\/\/cafecommessias.com.br\/index.php?rest_route=\/wp\/v2\/posts"}],"about":[{"href":"https:\/\/cafecommessias.com.br\/index.php?rest_route=\/wp\/v2\/types\/post"}],"author":[{"embeddable":true,"href":"https:\/\/cafecommessias.com.br\/index.php?rest_route=\/wp\/v2\/users\/1"}],"replies":[{"embeddable":true,"href":"https:\/\/cafecommessias.com.br\/index.php?rest_route=%2Fwp%2Fv2%2Fcomments&post=7235"}],"version-history":[{"count":2,"href":"https:\/\/cafecommessias.com.br\/index.php?rest_route=\/wp\/v2\/posts\/7235\/revisions"}],"predecessor-version":[{"id":7247,"href":"https:\/\/cafecommessias.com.br\/index.php?rest_route=\/wp\/v2\/posts\/7235\/revisions\/7247"}],"wp:featuredmedia":[{"embeddable":true,"href":"https:\/\/cafecommessias.com.br\/index.php?rest_route=\/wp\/v2\/media\/7246"}],"wp:attachment":[{"href":"https:\/\/cafecommessias.com.br\/index.php?rest_route=%2Fwp%2Fv2%2Fmedia&parent=7235"}],"wp:term":[{"taxonomy":"category","embeddable":true,"href":"https:\/\/cafecommessias.com.br\/index.php?rest_route=%2Fwp%2Fv2%2Fcategories&post=7235"},{"taxonomy":"post_tag","embeddable":true,"href":"https:\/\/cafecommessias.com.br\/index.php?rest_route=%2Fwp%2Fv2%2Ftags&post=7235"}],"curies":[{"name":"wp","href":"https:\/\/api.w.org\/{rel}","templated":true}]}}