{"id":7248,"date":"2025-12-25T11:58:52","date_gmt":"2025-12-25T14:58:52","guid":{"rendered":"https:\/\/cafecommessias.com.br\/?p=7248"},"modified":"2025-12-25T12:00:02","modified_gmt":"2025-12-25T15:00:02","slug":"operacao-territorio-seguro-prf-prende-homicida-foragido-da-justica-em-natal-rn","status":"publish","type":"post","link":"https:\/\/cafecommessias.com.br\/?p=7248","title":{"rendered":"Opera\u00e7\u00e3o Territ\u00f3rio Seguro: PRF prende homicida foragido da Justi\u00e7a em Natal\/RN"},"content":{"rendered":"\n<p>Opera\u00e7\u00e3o Territ\u00f3rio Seguro tem como objetivo intensificar o patrulhamento ostensivo e preventivo em \u00e1reas estrat\u00e9gicas da Regi\u00e3o Metropolitana de Natal\/Foto: NUCOM-RN<\/p>\n\n\n\n<p>A Pol\u00edcia Rodovi\u00e1ria Federal (PRF) prendeu, na noite desta ter\u00e7a-feira (23), um homem de 33 anos, em cumprimento a dois mandados de pris\u00e3o em aberto e por uso de documento falso.<\/p>\n\n\n\n<p>A ocorr\u00eancia foi registrada por volta das 22h, no km 6 da BR-226, em Natal\/RN, durante a\u00e7\u00f5es da Opera\u00e7\u00e3o Territ\u00f3rio Seguro.<\/p>\n\n\n\n<p>O homem, natural de Teresina\/PI, conduzia um HB20 quando foi abordado pela equipe da PRF. Durante a fiscaliza\u00e7\u00e3o, foi apresentado um documento de identidade (Registro Geral) com ind\u00edcios de falsifica\u00e7\u00e3o.<\/p>\n\n\n\n<p>Ap\u00f3s consultas aos sistemas, foi confirmada a falsidade do documento, bem como a exist\u00eancia de dois mandados de pris\u00e3o em desfavor do condutor, pelos crimes de homic\u00eddio qualificado e roubo.<\/p>\n\n\n\n<p>Os mandados de pris\u00e3o foram expedidos pela 1\u00aa Vara Criminal do Tribunal de Justi\u00e7a do Piau\u00ed (TJPI) e pela 1\u00aa Vara Criminal do Tribunal de Justi\u00e7a do Maranh\u00e3o (TJMA). A captura foi resultado da troca de informa\u00e7\u00f5es entre equipes da PRF do Piau\u00ed e do Rio Grande do Norte.<\/p>\n\n\n\n<p>A ocorr\u00eancia foi encaminhada \u00e0 Delegacia de Plant\u00e3o da Pol\u00edcia Federal em Natal\/RN, onde foram adotados os procedimentos cab\u00edveis.<\/p>\n\n\n\n<p>A Opera\u00e7\u00e3o Territ\u00f3rio Seguro \u00e9 coordenada pelo Minist\u00e9rio da Justi\u00e7a e Seguran\u00e7a P\u00fablica (MJSP), por meio da Secretaria de Estado da Seguran\u00e7a P\u00fablica e da Defesa Social do Rio Grande do Norte (Sesed\/RN), e tem como objetivo intensificar o patrulhamento ostensivo e preventivo em \u00e1reas estrat\u00e9gicas da Regi\u00e3o Metropolitana de Natal, ampliando a fiscaliza\u00e7\u00e3o de ve\u00edculos e pessoas e contribuindo para a redu\u00e7\u00e3o da criminalidade.<\/p>\n\n\n\n<p><strong>Fonte:\u00a0PRF<\/strong><\/p>\n\n\n\n<p class=\"has-text-align-center\"><strong><em>PUBLICIDADE<\/em><\/strong><\/p>\n\n\n\n<figure class=\"wp-block-image size-large\"><img decoding=\"async\" src=\"https:\/\/cafecommessias.com.br\/wp-content\/uploads\/2025\/12\/Banner-IPTU-1190x250px.gif\" alt=\"\"\/><\/figure>\n","protected":false},"excerpt":{"rendered":"<p>Opera\u00e7\u00e3o Territ\u00f3rio Seguro tem como objetivo intensificar o patrulhamento ostensivo e preventivo em \u00e1reas estrat\u00e9gicas da Regi\u00e3o Metropolitana de Natal\/Foto: NUCOM-RN A Pol\u00edcia Rodovi\u00e1ria Federal (PRF) prendeu, na noite desta ter\u00e7a-feira (23), um homem de 33 anos, em cumprimento a dois mandados de pris\u00e3o em aberto e por uso de documento falso. A ocorr\u00eancia foi&#8230;<\/p>\n","protected":false},"author":1,"featured_media":7249,"comment_status":"open","ping_status":"closed","sticky":false,"template":"","format":"standard","meta":{"footnotes":""},"categories":[4,5],"tags":[],"class_list":["post-7248","post","type-post","status-publish","format-standard","has-post-thumbnail","hentry","category-anuncie-aqui","category-policia"],"_links":{"self":[{"href":"https:\/\/cafecommessias.com.br\/index.php?rest_route=\/wp\/v2\/posts\/7248","targetHints":{"allow":["GET"]}}],"collection":[{"href":"https:\/\/cafecommessias.com.br\/index.php?rest_route=\/wp\/v2\/posts"}],"about":[{"href":"https:\/\/cafecommessias.com.br\/index.php?rest_route=\/wp\/v2\/types\/post"}],"author":[{"embeddable":true,"href":"https:\/\/cafecommessias.com.br\/index.php?rest_route=\/wp\/v2\/users\/1"}],"replies":[{"embeddable":true,"href":"https:\/\/cafecommessias.com.br\/index.php?rest_route=%2Fwp%2Fv2%2Fcomments&post=7248"}],"version-history":[{"count":2,"href":"https:\/\/cafecommessias.com.br\/index.php?rest_route=\/wp\/v2\/posts\/7248\/revisions"}],"predecessor-version":[{"id":7252,"href":"https:\/\/cafecommessias.com.br\/index.php?rest_route=\/wp\/v2\/posts\/7248\/revisions\/7252"}],"wp:featuredmedia":[{"embeddable":true,"href":"https:\/\/cafecommessias.com.br\/index.php?rest_route=\/wp\/v2\/media\/7249"}],"wp:attachment":[{"href":"https:\/\/cafecommessias.com.br\/index.php?rest_route=%2Fwp%2Fv2%2Fmedia&parent=7248"}],"wp:term":[{"taxonomy":"category","embeddable":true,"href":"https:\/\/cafecommessias.com.br\/index.php?rest_route=%2Fwp%2Fv2%2Fcategories&post=7248"},{"taxonomy":"post_tag","embeddable":true,"href":"https:\/\/cafecommessias.com.br\/index.php?rest_route=%2Fwp%2Fv2%2Ftags&post=7248"}],"curies":[{"name":"wp","href":"https:\/\/api.w.org\/{rel}","templated":true}]}}