{"id":7253,"date":"2025-12-25T17:35:08","date_gmt":"2025-12-25T20:35:08","guid":{"rendered":"https:\/\/cafecommessias.com.br\/?p=7253"},"modified":"2025-12-25T17:35:29","modified_gmt":"2025-12-25T20:35:29","slug":"rogerio-marinho-acusa-lula-de-vinganca-seletiva-em-indulto-natalino","status":"publish","type":"post","link":"https:\/\/cafecommessias.com.br\/?p=7253","title":{"rendered":"Rog\u00e9rio Marinho acusa Lula de \u2018vingan\u00e7a seletiva\u2019 em indulto natalino"},"content":{"rendered":"\n<p>O l\u00edder da Oposi\u00e7\u00e3o no Senado, Rog\u00e9rio Marinho (PL-RN), criticou o decreto do indulto natalino de 2025 publicado pelo presidente Lula (PT), afirmando que a exclus\u00e3o dos condenados pelos atos de 8 de janeiro de 2023 representa \u201cvingan\u00e7a seletiva\u201d e motiva\u00e7\u00e3o pol\u00edtica.<\/p>\n\n\n\n<p><em>\u201cLula escolheu perdoar corruptos, assassinos condenados a mais de 25 anos de pris\u00e3o e criminosos reincidentes, mas excluiu presos do 8 de janeiro por puro revanchismo pol\u00edtico. N\u00e3o \u00e9 justi\u00e7a, \u00e9 vingan\u00e7a seletiva. O PT protege os seus e pune advers\u00e1rios. O povo vai dar a resposta em 2026, encerrando o projeto de poder do PT!\u201d,&nbsp;<\/em>afirmou Marinho em nota nas redes sociais.<\/p>\n\n\n\n<p>O decreto foi publicado no Di\u00e1rio Oficial da Uni\u00e3o na ter\u00e7a-feira (23) e estabelece crit\u00e9rios espec\u00edficos para a concess\u00e3o do perd\u00e3o de pena. Entre eles, est\u00e1 a exclus\u00e3o de condenados por crimes contra o Estado Democr\u00e1tico de Direito, o que atinge diretamente os envolvidos nos ataques \u00e0s sedes dos Tr\u00eas Poderes, em Bras\u00edlia.<\/p>\n\n\n\n<p>O texto tamb\u00e9m veta o benef\u00edcio a condenados por terrorismo, crimes hediondos, tortura, racismo, viol\u00eancia contra a mulher, tr\u00e1fico de drogas, organiza\u00e7\u00e3o criminosa, lideran\u00e7as de fac\u00e7\u00f5es e a pessoas que firmaram acordos de colabora\u00e7\u00e3o premiada.<\/p>\n","protected":false},"excerpt":{"rendered":"<p>O l\u00edder da Oposi\u00e7\u00e3o no Senado, Rog\u00e9rio Marinho (PL-RN), criticou o decreto do indulto natalino de 2025 publicado pelo presidente Lula (PT), afirmando que a exclus\u00e3o dos condenados pelos atos de 8 de janeiro de 2023 representa \u201cvingan\u00e7a seletiva\u201d e motiva\u00e7\u00e3o pol\u00edtica. \u201cLula escolheu perdoar corruptos, assassinos condenados a mais de 25 anos de pris\u00e3o&#8230;<\/p>\n","protected":false},"author":1,"featured_media":7254,"comment_status":"open","ping_status":"closed","sticky":false,"template":"","format":"standard","meta":{"footnotes":""},"categories":[6],"tags":[],"class_list":["post-7253","post","type-post","status-publish","format-standard","has-post-thumbnail","hentry","category-politica"],"_links":{"self":[{"href":"https:\/\/cafecommessias.com.br\/index.php?rest_route=\/wp\/v2\/posts\/7253","targetHints":{"allow":["GET"]}}],"collection":[{"href":"https:\/\/cafecommessias.com.br\/index.php?rest_route=\/wp\/v2\/posts"}],"about":[{"href":"https:\/\/cafecommessias.com.br\/index.php?rest_route=\/wp\/v2\/types\/post"}],"author":[{"embeddable":true,"href":"https:\/\/cafecommessias.com.br\/index.php?rest_route=\/wp\/v2\/users\/1"}],"replies":[{"embeddable":true,"href":"https:\/\/cafecommessias.com.br\/index.php?rest_route=%2Fwp%2Fv2%2Fcomments&post=7253"}],"version-history":[{"count":1,"href":"https:\/\/cafecommessias.com.br\/index.php?rest_route=\/wp\/v2\/posts\/7253\/revisions"}],"predecessor-version":[{"id":7255,"href":"https:\/\/cafecommessias.com.br\/index.php?rest_route=\/wp\/v2\/posts\/7253\/revisions\/7255"}],"wp:featuredmedia":[{"embeddable":true,"href":"https:\/\/cafecommessias.com.br\/index.php?rest_route=\/wp\/v2\/media\/7254"}],"wp:attachment":[{"href":"https:\/\/cafecommessias.com.br\/index.php?rest_route=%2Fwp%2Fv2%2Fmedia&parent=7253"}],"wp:term":[{"taxonomy":"category","embeddable":true,"href":"https:\/\/cafecommessias.com.br\/index.php?rest_route=%2Fwp%2Fv2%2Fcategories&post=7253"},{"taxonomy":"post_tag","embeddable":true,"href":"https:\/\/cafecommessias.com.br\/index.php?rest_route=%2Fwp%2Fv2%2Ftags&post=7253"}],"curies":[{"name":"wp","href":"https:\/\/api.w.org\/{rel}","templated":true}]}}