{"id":7256,"date":"2025-12-25T17:38:03","date_gmt":"2025-12-25T20:38:03","guid":{"rendered":"https:\/\/cafecommessias.com.br\/?p=7256"},"modified":"2025-12-25T17:38:59","modified_gmt":"2025-12-25T20:38:59","slug":"equipe-medica-diz-que-ainda-nao-e-possivel-prever-alta-de-bolsonaro-entenda","status":"publish","type":"post","link":"https:\/\/cafecommessias.com.br\/?p=7256","title":{"rendered":"Equipe m\u00e9dica diz que ainda n\u00e3o \u00e9 poss\u00edvel prever alta de Bolsonaro; entenda"},"content":{"rendered":"\n<p>A equipe m\u00e9dica que acompanha o ex-presidente Jair Bolsonaro (PL) informou nesta quinta-feira (25) que ainda n\u00e3o h\u00e1 previs\u00e3o de alta hospitalar. Segundo os m\u00e9dicos, a avalia\u00e7\u00e3o ser\u00e1 feita diariamente, conforme a evolu\u00e7\u00e3o cl\u00ednica.<\/p>\n\n\n\n<p><strong>Depende de condi\u00e7\u00f5es de retomar o autocuidado<\/strong><\/p>\n\n\n\n<p>A alta s\u00f3 ser\u00e1 indicada quando Bolsonaro tiver condi\u00e7\u00f5es de retomar o autocuidado, como se alimentar, se vestir e tomar banho sozinho. Questionados sobre um eventual retorno \u00e0 Superintend\u00eancia da Pol\u00edcia Federal, os m\u00e9dicos afirmaram que ainda \u00e9 cedo para qualquer defini\u00e7\u00e3o.<\/p>\n\n\n\n<p>Bolsonaro passou por uma cirurgia de h\u00e9rnia inguinal, que transcorreu dentro do esperado e sem complica\u00e7\u00f5es. O procedimento durou cerca de tr\u00eas horas, foi feito com anestesia geral e n\u00e3o exigiu interna\u00e7\u00e3o em UTI.<\/p>\n\n\n\n<p>No p\u00f3s-operat\u00f3rio, os cuidados incluem controle da dor, fisioterapia e preven\u00e7\u00e3o de trombose, al\u00e9m de exames de acompanhamento. A equipe tamb\u00e9m monitora crises de solu\u00e7os persistentes associadas a uma esofagite severa, tratadas inicialmente com ajuste de medica\u00e7\u00e3o e dieta.<\/p>\n\n\n\n<p class=\"has-text-align-center\"><strong><em>PUBLICIDADE<\/em><\/strong><\/p>\n\n\n\n<figure class=\"wp-block-image size-large\"><img decoding=\"async\" src=\"https:\/\/cafecommessias.com.br\/wp-content\/uploads\/2025\/12\/Banner-IPTU-1190x250px.gif\" alt=\"\"\/><\/figure>\n","protected":false},"excerpt":{"rendered":"<p>A equipe m\u00e9dica que acompanha o ex-presidente Jair Bolsonaro (PL) informou nesta quinta-feira (25) que ainda n\u00e3o h\u00e1 previs\u00e3o de alta hospitalar. Segundo os m\u00e9dicos, a avalia\u00e7\u00e3o ser\u00e1 feita diariamente, conforme a evolu\u00e7\u00e3o cl\u00ednica. Depende de condi\u00e7\u00f5es de retomar o autocuidado A alta s\u00f3 ser\u00e1 indicada quando Bolsonaro tiver condi\u00e7\u00f5es de retomar o autocuidado, como&#8230;<\/p>\n","protected":false},"author":1,"featured_media":7257,"comment_status":"open","ping_status":"closed","sticky":false,"template":"","format":"standard","meta":{"footnotes":""},"categories":[4,3],"tags":[],"class_list":["post-7256","post","type-post","status-publish","format-standard","has-post-thumbnail","hentry","category-anuncie-aqui","category-geral"],"_links":{"self":[{"href":"https:\/\/cafecommessias.com.br\/index.php?rest_route=\/wp\/v2\/posts\/7256","targetHints":{"allow":["GET"]}}],"collection":[{"href":"https:\/\/cafecommessias.com.br\/index.php?rest_route=\/wp\/v2\/posts"}],"about":[{"href":"https:\/\/cafecommessias.com.br\/index.php?rest_route=\/wp\/v2\/types\/post"}],"author":[{"embeddable":true,"href":"https:\/\/cafecommessias.com.br\/index.php?rest_route=\/wp\/v2\/users\/1"}],"replies":[{"embeddable":true,"href":"https:\/\/cafecommessias.com.br\/index.php?rest_route=%2Fwp%2Fv2%2Fcomments&post=7256"}],"version-history":[{"count":1,"href":"https:\/\/cafecommessias.com.br\/index.php?rest_route=\/wp\/v2\/posts\/7256\/revisions"}],"predecessor-version":[{"id":7258,"href":"https:\/\/cafecommessias.com.br\/index.php?rest_route=\/wp\/v2\/posts\/7256\/revisions\/7258"}],"wp:featuredmedia":[{"embeddable":true,"href":"https:\/\/cafecommessias.com.br\/index.php?rest_route=\/wp\/v2\/media\/7257"}],"wp:attachment":[{"href":"https:\/\/cafecommessias.com.br\/index.php?rest_route=%2Fwp%2Fv2%2Fmedia&parent=7256"}],"wp:term":[{"taxonomy":"category","embeddable":true,"href":"https:\/\/cafecommessias.com.br\/index.php?rest_route=%2Fwp%2Fv2%2Fcategories&post=7256"},{"taxonomy":"post_tag","embeddable":true,"href":"https:\/\/cafecommessias.com.br\/index.php?rest_route=%2Fwp%2Fv2%2Ftags&post=7256"}],"curies":[{"name":"wp","href":"https:\/\/api.w.org\/{rel}","templated":true}]}}