{"id":7262,"date":"2025-12-25T17:47:57","date_gmt":"2025-12-25T20:47:57","guid":{"rendered":"https:\/\/cafecommessias.com.br\/?p=7262"},"modified":"2025-12-25T17:49:50","modified_gmt":"2025-12-25T20:49:50","slug":"serido-rn-duas-pessoas-ficam-feridas-em-grave-acidente-na-br-266-entre-florania-e-sao-vicente","status":"publish","type":"post","link":"https:\/\/cafecommessias.com.br\/?p=7262","title":{"rendered":"SERID\u00d3\/RN: Duas pessoas ficam feridas em grave acidente na BR 266 entre Florania e S\u00e3o Vicente"},"content":{"rendered":"\n<p>Duas pessoas ficaram feridas ap\u00f3s o carro em que estavam sair da pista, cair em um barranco e capotar na manh\u00e3 desta quinta-feira 25 \u00e0s margens da BR-226, entre os munic\u00edpios de Flor\u00e2nia e S\u00e3o Vicente, na Regi\u00e3o Serid\u00f3 do Rio Grande do Norte. O acidente foi registrado por volta das 5h.<\/p>\n\n\n\n<p>De acordo com o Corpo de Bombeiros Militar de Currais Novos, o ve\u00edculo trafegava no sentido Flor\u00e2nia\u2013S\u00e3o Vicente quando o condutor perdeu o controle em uma curva. Flor\u00e2nia fica a cerca de 5 quil\u00f4metros do local do capotamento.\u00a0<\/p>\n\n\n\n<p>Quando as equipes chegaram \u00e0 ocorr\u00eancia, uma das v\u00edtimas j\u00e1 havia conseguido sair do ve\u00edculo por conta pr\u00f3pria e tinha sido socorrida para o Hospital de S\u00e3o Vicente.<\/p>\n\n\n\n<p>A segunda v\u00edtima ficou presa \u00e0s ferragens, estava inconsciente e precisou ser retirada pelos bombeiros, que realizaram a estabiliza\u00e7\u00e3o do ve\u00edculo e a abertura de uma das portas para o resgate.<\/p>\n\n\n\n<p>O Servi\u00e7o de Atendimento M\u00f3vel de Urg\u00eancia (Samu) prestou os primeiros atendimentos no local, com suporte de oxig\u00eanio. Em seguida, outra unidade do Samu conduziu a v\u00edtima retirada das ferragens para o Hospital de S\u00e3o Vicente.<\/p>\n\n\n\n<p class=\"has-text-align-center\"><strong><em>PUBLICIDADE<\/em><\/strong><\/p>\n\n\n\n<figure class=\"wp-block-image size-large\"><img decoding=\"async\" src=\"https:\/\/cafecommessias.com.br\/wp-content\/uploads\/2025\/12\/Banner-IPTU-1190x250px.gif\" alt=\"\"\/><\/figure>\n","protected":false},"excerpt":{"rendered":"<p>Duas pessoas ficaram feridas ap\u00f3s o carro em que estavam sair da pista, cair em um barranco e capotar na manh\u00e3 desta quinta-feira 25 \u00e0s margens da BR-226, entre os munic\u00edpios de Flor\u00e2nia e S\u00e3o Vicente, na Regi\u00e3o Serid\u00f3 do Rio Grande do Norte. O acidente foi registrado por volta das 5h. De acordo com&#8230;<\/p>\n","protected":false},"author":1,"featured_media":7263,"comment_status":"open","ping_status":"closed","sticky":false,"template":"","format":"standard","meta":{"footnotes":""},"categories":[9,4],"tags":[],"class_list":["post-7262","post","type-post","status-publish","format-standard","has-post-thumbnail","hentry","category-acidente","category-anuncie-aqui"],"_links":{"self":[{"href":"https:\/\/cafecommessias.com.br\/index.php?rest_route=\/wp\/v2\/posts\/7262","targetHints":{"allow":["GET"]}}],"collection":[{"href":"https:\/\/cafecommessias.com.br\/index.php?rest_route=\/wp\/v2\/posts"}],"about":[{"href":"https:\/\/cafecommessias.com.br\/index.php?rest_route=\/wp\/v2\/types\/post"}],"author":[{"embeddable":true,"href":"https:\/\/cafecommessias.com.br\/index.php?rest_route=\/wp\/v2\/users\/1"}],"replies":[{"embeddable":true,"href":"https:\/\/cafecommessias.com.br\/index.php?rest_route=%2Fwp%2Fv2%2Fcomments&post=7262"}],"version-history":[{"count":2,"href":"https:\/\/cafecommessias.com.br\/index.php?rest_route=\/wp\/v2\/posts\/7262\/revisions"}],"predecessor-version":[{"id":7266,"href":"https:\/\/cafecommessias.com.br\/index.php?rest_route=\/wp\/v2\/posts\/7262\/revisions\/7266"}],"wp:featuredmedia":[{"embeddable":true,"href":"https:\/\/cafecommessias.com.br\/index.php?rest_route=\/wp\/v2\/media\/7263"}],"wp:attachment":[{"href":"https:\/\/cafecommessias.com.br\/index.php?rest_route=%2Fwp%2Fv2%2Fmedia&parent=7262"}],"wp:term":[{"taxonomy":"category","embeddable":true,"href":"https:\/\/cafecommessias.com.br\/index.php?rest_route=%2Fwp%2Fv2%2Fcategories&post=7262"},{"taxonomy":"post_tag","embeddable":true,"href":"https:\/\/cafecommessias.com.br\/index.php?rest_route=%2Fwp%2Fv2%2Ftags&post=7262"}],"curies":[{"name":"wp","href":"https:\/\/api.w.org\/{rel}","templated":true}]}}