{"id":7275,"date":"2025-12-25T21:29:51","date_gmt":"2025-12-26T00:29:51","guid":{"rendered":"https:\/\/cafecommessias.com.br\/?p=7275"},"modified":"2025-12-25T22:04:59","modified_gmt":"2025-12-26T01:04:59","slug":"populacao-conta-com-onibus-gratuito-na-volta-para-casa-dos-shows-do-natal-em-natal","status":"publish","type":"post","link":"https:\/\/cafecommessias.com.br\/?p=7275","title":{"rendered":"Popula\u00e7\u00e3o conta com \u00f4nibus gratuito na volta para casa dos shows do Natal em Natal"},"content":{"rendered":"\n<p><strong>Linhas especiais garantem o transporte gratuito na volta dos shows<\/strong><\/p>\n\n\n\n<p><strong>CONFIRA FALA DO PREFEITO PAULINHO FREIRE NO LINK ABAIXO<\/strong><\/p>\n\n\n\n<p><a href=\"https:\/\/www.instagram.com\/p\/DSsGaLoDQ5D\/?utm_source=ig_embed&amp;utm_campaign=embed_video_watch_again\">https:\/\/www.instagram.com\/p\/DSsGaLoDQ5D\/?utm_source=ig_embed&amp;utm_campaign=embed_video_watch_again<\/a><\/p>\n\n\n\n<p>A programa\u00e7\u00e3o de shows do Natal em Natal 2025 em comemora\u00e7\u00e3o ao anivers\u00e1rio da cidade inicia nesta quinta-feira (25) na praia de Ponta Negra. O p\u00fablico vai poder contar com transporte gratuito na volta para casa em uma opera\u00e7\u00e3o especial da Secretaria Municipal de Mobilidade Urbana (STTU).<\/p>\n\n\n\n<p>A medida deve beneficiar cerca de cinco mil pessoas por noite. Para o prefeito Paulinho Freire \u201c\u00c9 uma forma concreta de cuidar das pessoas, de garantir o direito ao lazer com responsabilidade, como j\u00e1 fizemos com sucesso no Carnaval\u201d.<\/p>\n\n\n\n<p>Cinco linhas v\u00e3o estar em opera\u00e7\u00e3o de forma gratuita. Ser\u00e3o tr\u00eas para Zona Norte e duas para Zona Oeste, uma delas passando pela Zona Sul. Os \u00f4nibus operam at\u00e9 1h ap\u00f3s o fim dos shows e, na virada, at\u00e9 4h30 da manh\u00e3. No R\u00e9veillon na Redinha, as linhas especiais v\u00e3o operar at\u00e9 5h da manh\u00e3.<\/p>\n\n\n\n<p>Shows do Natal em Natal \u2013 25\/12 a 30\/12<br>Os shows do Natal em Natal, realizados em Ponta Negra entre os dias 25 e 30 de dezembro, contar\u00e3o com linhas especiais e com as linhas que j\u00e1 operam na rede Coruj\u00e3o. S\u00e3o elas:<\/p>\n\n\n\n<p>SE7 \u2013 Expresso Ponta Negra \/ Zona Norte<br>Itiner\u00e1rio geral: Praia de Ponta Negra \u2192 Praia do Meio \u2192 Redinha \u2192 Brasil Novo \u2192 Parque das Dunas \u2192 Paju\u00e7ara \u2192 Gramor\u00e9 \u2192 Nova Natal<\/p>\n\n\n\n<p>SE8 \u2013 Expresso Ponta Negra \/ Parque dos Coqueiros<br>Itiner\u00e1rio geral:<br>Praia de Ponta Negra \u2192 Igap\u00f3 \u2192 Panatis \u2192 Alvorada IV \u2192 Jardim Progresso \u2192 Vale Dourado \u2192 Parque dos Coqueiros<\/p>\n\n\n\n<p>SE9 \u2013 Expresso Ponta Negra \/ Planalto<br>Itiner\u00e1rio geral:<br>Praia de Ponta Negra \u2192 Ne\u00f3polis \u2192 Cidade Sat\u00e9lite \u2192 Planalto<\/p>\n\n\n\n<p>Linhas Coruj\u00e3o Refor\u00e7adas<br>Coruj\u00e3o N\u201173 \u2013 Santar\u00e9m \/ Ponta Negra<br>Itiner\u00e1rio principal: Santar\u00e9m \u2192 via Av. Nevaldo Rocha \u2192 Ponta Negra<\/p>\n\n\n\n<p>Coruj\u00e3o E \u2013 Felipe Camar\u00e3o \/ Cidade Nova \/ Cidade da Esperan\u00e7a \/ Ponta Negra<br>Itiner\u00e1rio principal: Felipe Camar\u00e3o \u2192 Cidade Nova \u2192 Cidade da Esperan\u00e7a \u2192 Ponta Negra<\/p>\n\n\n\n<p>O local de embarque ser\u00e1 na Av. Engenheiro Roberto Freire, na parada em frente ao Villarte, sentido viaduto de Ponta Negra.<\/p>\n\n\n\n<p class=\"has-text-align-center\"><strong><em>PUBLICIDADE<\/em><\/strong><\/p>\n\n\n\n<figure class=\"wp-block-image size-large\"><img decoding=\"async\" src=\"https:\/\/cafecommessias.com.br\/wp-content\/uploads\/2025\/12\/Banner-natalemnatal-1190x250px-1.gif\" alt=\"\"\/><\/figure>\n","protected":false},"excerpt":{"rendered":"<p>Linhas especiais garantem o transporte gratuito na volta dos shows CONFIRA FALA DO PREFEITO PAULINHO FREIRE NO LINK ABAIXO https:\/\/www.instagram.com\/p\/DSsGaLoDQ5D\/?utm_source=ig_embed&amp;utm_campaign=embed_video_watch_again A programa\u00e7\u00e3o de shows do Natal em Natal 2025 em comemora\u00e7\u00e3o ao anivers\u00e1rio da cidade inicia nesta quinta-feira (25) na praia de Ponta Negra. O p\u00fablico vai poder contar com transporte gratuito na volta para&#8230;<\/p>\n","protected":false},"author":1,"featured_media":7277,"comment_status":"open","ping_status":"closed","sticky":false,"template":"","format":"standard","meta":{"footnotes":""},"categories":[4,36],"tags":[],"class_list":["post-7275","post","type-post","status-publish","format-standard","has-post-thumbnail","hentry","category-anuncie-aqui","category-natal"],"_links":{"self":[{"href":"https:\/\/cafecommessias.com.br\/index.php?rest_route=\/wp\/v2\/posts\/7275","targetHints":{"allow":["GET"]}}],"collection":[{"href":"https:\/\/cafecommessias.com.br\/index.php?rest_route=\/wp\/v2\/posts"}],"about":[{"href":"https:\/\/cafecommessias.com.br\/index.php?rest_route=\/wp\/v2\/types\/post"}],"author":[{"embeddable":true,"href":"https:\/\/cafecommessias.com.br\/index.php?rest_route=\/wp\/v2\/users\/1"}],"replies":[{"embeddable":true,"href":"https:\/\/cafecommessias.com.br\/index.php?rest_route=%2Fwp%2Fv2%2Fcomments&post=7275"}],"version-history":[{"count":4,"href":"https:\/\/cafecommessias.com.br\/index.php?rest_route=\/wp\/v2\/posts\/7275\/revisions"}],"predecessor-version":[{"id":7300,"href":"https:\/\/cafecommessias.com.br\/index.php?rest_route=\/wp\/v2\/posts\/7275\/revisions\/7300"}],"wp:featuredmedia":[{"embeddable":true,"href":"https:\/\/cafecommessias.com.br\/index.php?rest_route=\/wp\/v2\/media\/7277"}],"wp:attachment":[{"href":"https:\/\/cafecommessias.com.br\/index.php?rest_route=%2Fwp%2Fv2%2Fmedia&parent=7275"}],"wp:term":[{"taxonomy":"category","embeddable":true,"href":"https:\/\/cafecommessias.com.br\/index.php?rest_route=%2Fwp%2Fv2%2Fcategories&post=7275"},{"taxonomy":"post_tag","embeddable":true,"href":"https:\/\/cafecommessias.com.br\/index.php?rest_route=%2Fwp%2Fv2%2Ftags&post=7275"}],"curies":[{"name":"wp","href":"https:\/\/api.w.org\/{rel}","templated":true}]}}