{"id":7304,"date":"2025-12-26T06:19:21","date_gmt":"2025-12-26T09:19:21","guid":{"rendered":"https:\/\/cafecommessias.com.br\/?p=7304"},"modified":"2025-12-26T06:19:42","modified_gmt":"2025-12-26T09:19:42","slug":"apos-cirurgia-bolsonaro-deve-passar-por-bloqueio-no-nervo-frenico","status":"publish","type":"post","link":"https:\/\/cafecommessias.com.br\/?p=7304","title":{"rendered":"Ap\u00f3s cirurgia, Bolsonaro deve passar por bloqueio no nervo fr\u00eanico"},"content":{"rendered":"\n<p>O ex-presidente Jair Bolsonaro (PL) poder\u00e1 ser submetido a um novo procedimento m\u00e9dico para tratar crises persistentes de solu\u00e7os. A equipe que o acompanha avalia a realiza\u00e7\u00e3o de um bloqueio anest\u00e9sico do nervo fr\u00eanico, estrutura que se estende da coluna cervical at\u00e9 o diafragma e est\u00e1 relacionada ao controle da respira\u00e7\u00e3o.<\/p>\n\n\n\n<p>Na manh\u00e3 desta quinta-feira (25), Bolsonaro passou por uma cirurgia para corre\u00e7\u00e3o de uma h\u00e9rnia inguinal bilateral. Segundo os m\u00e9dicos, o procedimento ocorreu dentro do previsto, sem intercorr\u00eancias, teve in\u00edcio por volta das 9h30 e durou aproximadamente quatro horas. Agora, uma nova avalia\u00e7\u00e3o est\u00e1 marcada para a pr\u00f3xima segunda-feira (29), quando ser\u00e1 decidida a necessidade da interven\u00e7\u00e3o adicional.<\/p>\n\n\n\n<p>At\u00e9 l\u00e1, a equipe m\u00e9dica prioriza o ajuste da medica\u00e7\u00e3o, a adequa\u00e7\u00e3o da dieta e a observa\u00e7\u00e3o da evolu\u00e7\u00e3o cl\u00ednica para tentar controlar os solu\u00e7os. De acordo com o cirurgi\u00e3o geral Claudio Birolini, o bloqueio do nervo fr\u00eanico \u00e9 um procedimento invasivo, embora considerado seguro, e busca provocar uma anestesia tempor\u00e1ria do nervo.<\/p>\n\n\n\n<p>Birolini alertou que, entre os riscos, est\u00e1 a possibilidade de paralisia tempor\u00e1ria do m\u00fasculo do diafragma, o que pode causar dificuldade respirat\u00f3ria e exigir suporte ventilat\u00f3rio at\u00e9 o fim do efeito anest\u00e9sico. Caso o procedimento seja realizado, o tempo de interna\u00e7\u00e3o pode ser ampliado al\u00e9m dos cinco a sete dias inicialmente previstos para o p\u00f3s-operat\u00f3rio da cirurgia.<\/p>\n\n\n\n<p>A alta hospitalar, segundo os m\u00e9dicos, depender\u00e1 da evolu\u00e7\u00e3o cl\u00ednica e da capacidade de Bolsonaro retomar atividades b\u00e1sicas de autocuidado. Questionada sobre a possibilidade de retorno do ex-presidente \u00e0 Superintend\u00eancia da Pol\u00edcia Federal ap\u00f3s a interna\u00e7\u00e3o, a equipe afirmou que ainda \u00e9 cedo para qualquer defini\u00e7\u00e3o e que a decis\u00e3o depender\u00e1 da recupera\u00e7\u00e3o nos pr\u00f3ximos dias.<\/p>\n\n\n\n<p><em><sub>Por CNN<\/sub><\/em><\/p>\n\n\n\n<p class=\"has-text-align-center\"><strong><em>PUBLICIDADE<\/em><\/strong><\/p>\n\n\n\n<figure class=\"wp-block-image size-large\"><img decoding=\"async\" src=\"https:\/\/cafecommessias.com.br\/wp-content\/uploads\/2025\/12\/Banner-IPTU-1190x250px.gif\" alt=\"\"\/><\/figure>\n","protected":false},"excerpt":{"rendered":"<p>O ex-presidente Jair Bolsonaro (PL) poder\u00e1 ser submetido a um novo procedimento m\u00e9dico para tratar crises persistentes de solu\u00e7os. A equipe que o acompanha avalia a realiza\u00e7\u00e3o de um bloqueio anest\u00e9sico do nervo fr\u00eanico, estrutura que se estende da coluna cervical at\u00e9 o diafragma e est\u00e1 relacionada ao controle da respira\u00e7\u00e3o. Na manh\u00e3 desta quinta-feira&#8230;<\/p>\n","protected":false},"author":1,"featured_media":7305,"comment_status":"open","ping_status":"closed","sticky":false,"template":"","format":"standard","meta":{"footnotes":""},"categories":[4,3],"tags":[],"class_list":["post-7304","post","type-post","status-publish","format-standard","has-post-thumbnail","hentry","category-anuncie-aqui","category-geral"],"_links":{"self":[{"href":"https:\/\/cafecommessias.com.br\/index.php?rest_route=\/wp\/v2\/posts\/7304","targetHints":{"allow":["GET"]}}],"collection":[{"href":"https:\/\/cafecommessias.com.br\/index.php?rest_route=\/wp\/v2\/posts"}],"about":[{"href":"https:\/\/cafecommessias.com.br\/index.php?rest_route=\/wp\/v2\/types\/post"}],"author":[{"embeddable":true,"href":"https:\/\/cafecommessias.com.br\/index.php?rest_route=\/wp\/v2\/users\/1"}],"replies":[{"embeddable":true,"href":"https:\/\/cafecommessias.com.br\/index.php?rest_route=%2Fwp%2Fv2%2Fcomments&post=7304"}],"version-history":[{"count":1,"href":"https:\/\/cafecommessias.com.br\/index.php?rest_route=\/wp\/v2\/posts\/7304\/revisions"}],"predecessor-version":[{"id":7306,"href":"https:\/\/cafecommessias.com.br\/index.php?rest_route=\/wp\/v2\/posts\/7304\/revisions\/7306"}],"wp:featuredmedia":[{"embeddable":true,"href":"https:\/\/cafecommessias.com.br\/index.php?rest_route=\/wp\/v2\/media\/7305"}],"wp:attachment":[{"href":"https:\/\/cafecommessias.com.br\/index.php?rest_route=%2Fwp%2Fv2%2Fmedia&parent=7304"}],"wp:term":[{"taxonomy":"category","embeddable":true,"href":"https:\/\/cafecommessias.com.br\/index.php?rest_route=%2Fwp%2Fv2%2Fcategories&post=7304"},{"taxonomy":"post_tag","embeddable":true,"href":"https:\/\/cafecommessias.com.br\/index.php?rest_route=%2Fwp%2Fv2%2Ftags&post=7304"}],"curies":[{"name":"wp","href":"https:\/\/api.w.org\/{rel}","templated":true}]}}