{"id":7307,"date":"2025-12-26T06:23:31","date_gmt":"2025-12-26T09:23:31","guid":{"rendered":"https:\/\/cafecommessias.com.br\/?p=7307"},"modified":"2025-12-26T06:23:48","modified_gmt":"2025-12-26T09:23:48","slug":"jovens-desaparecidos-em-martins-sao-achados-mortos-com-marcas-de-tiros","status":"publish","type":"post","link":"https:\/\/cafecommessias.com.br\/?p=7307","title":{"rendered":"Jovens desaparecidos em Martins s\u00e3o achados mortos com marcas de tiros"},"content":{"rendered":"\n<p>Dois jovens que estavam desaparecidos foram encontrados m0r:t0s na tarde desta ter\u00e7a-feira (23), em uma \u00e1rea de mata no munic\u00edpio de Martins, no Alto Oeste potiguar. As v\u00edt1m@s foram identificadas como Pedro Rafael da Silva, de 19 anos, e Cleidione Douglas da Silva, de 17 anos. <\/p>\n\n\n\n<p>De acordo com as informa\u00e7\u00f5es, os dois sa\u00edram de motocicleta da cidade de Martins com destino ao munic\u00edpio de Serrinha dos Pintos no dia 17 deste m\u00eas. Desde ent\u00e3o, eles n\u00e3o foram mais vistos, o que levou familiares e amigos a iniciarem buscas e registrarem o desaparecimento.<\/p>\n\n\n\n<p>No dia seguinte ao sumi\u00e7o, a motocicleta em que os jovens estavam foi encontrada totalmente carbonizada em uma regi\u00e3o de mata, aumentando a preocupa\u00e7\u00e3o e levantando suspeitas sobre o que poderia ter ocorrido.<\/p>\n\n\n\n<p>Ap\u00f3s dias de buscas, a Pol\u00edcia Civil localizou os c0rp0s na tarde desta ter\u00e7a-feira, tamb\u00e9m em uma \u00e1rea de mata no munic\u00edpio de Martins. Segundo a pol\u00edcia, os cor:p0s j\u00e1 estavam em avan\u00e7ado estado de d3comp0:si\u00e7\u00e3o.<\/p>\n\n\n\n<p>Os cor:p0s foram encaminhados para exames periciais, que dever\u00e3o auxiliar nas investiga\u00e7\u00f5es. Os exames periciais apontam que os dois jovens foram ex3cu:tad0s com t1r0s na cabe\u00e7a.<\/p>\n\n\n\n<p>O caso est\u00e1 sendo investigado pelas autoridades, que buscam esclarecer as circunst\u00e2ncias das mortes e identificar os respons\u00e1veis.<\/p>\n\n\n\n<p><em><sub>Por\u00a0Fim da Linha<\/sub><\/em><\/p>\n\n\n\n<p><\/p>\n","protected":false},"excerpt":{"rendered":"<p>Dois jovens que estavam desaparecidos foram encontrados m0r:t0s na tarde desta ter\u00e7a-feira (23), em uma \u00e1rea de mata no munic\u00edpio de Martins, no Alto Oeste potiguar. As v\u00edt1m@s foram identificadas como Pedro Rafael da Silva, de 19 anos, e Cleidione Douglas da Silva, de 17 anos. De acordo com as informa\u00e7\u00f5es, os dois sa\u00edram de&#8230;<\/p>\n","protected":false},"author":1,"featured_media":7308,"comment_status":"open","ping_status":"closed","sticky":false,"template":"","format":"standard","meta":{"footnotes":""},"categories":[23],"tags":[],"class_list":["post-7307","post","type-post","status-publish","format-standard","has-post-thumbnail","hentry","category-crime"],"_links":{"self":[{"href":"https:\/\/cafecommessias.com.br\/index.php?rest_route=\/wp\/v2\/posts\/7307","targetHints":{"allow":["GET"]}}],"collection":[{"href":"https:\/\/cafecommessias.com.br\/index.php?rest_route=\/wp\/v2\/posts"}],"about":[{"href":"https:\/\/cafecommessias.com.br\/index.php?rest_route=\/wp\/v2\/types\/post"}],"author":[{"embeddable":true,"href":"https:\/\/cafecommessias.com.br\/index.php?rest_route=\/wp\/v2\/users\/1"}],"replies":[{"embeddable":true,"href":"https:\/\/cafecommessias.com.br\/index.php?rest_route=%2Fwp%2Fv2%2Fcomments&post=7307"}],"version-history":[{"count":1,"href":"https:\/\/cafecommessias.com.br\/index.php?rest_route=\/wp\/v2\/posts\/7307\/revisions"}],"predecessor-version":[{"id":7309,"href":"https:\/\/cafecommessias.com.br\/index.php?rest_route=\/wp\/v2\/posts\/7307\/revisions\/7309"}],"wp:featuredmedia":[{"embeddable":true,"href":"https:\/\/cafecommessias.com.br\/index.php?rest_route=\/wp\/v2\/media\/7308"}],"wp:attachment":[{"href":"https:\/\/cafecommessias.com.br\/index.php?rest_route=%2Fwp%2Fv2%2Fmedia&parent=7307"}],"wp:term":[{"taxonomy":"category","embeddable":true,"href":"https:\/\/cafecommessias.com.br\/index.php?rest_route=%2Fwp%2Fv2%2Fcategories&post=7307"},{"taxonomy":"post_tag","embeddable":true,"href":"https:\/\/cafecommessias.com.br\/index.php?rest_route=%2Fwp%2Fv2%2Ftags&post=7307"}],"curies":[{"name":"wp","href":"https:\/\/api.w.org\/{rel}","templated":true}]}}